{"id":792,"date":"2020-05-26T11:25:09","date_gmt":"2020-05-26T10:25:09","guid":{"rendered":"http:\/\/spdpraha.cz\/?p=792"},"modified":"2020-05-26T11:25:09","modified_gmt":"2020-05-26T10:25:09","slug":"babisova-vlada-zakazala-rusku-dostavet-jaderne-elektrarny","status":"publish","type":"post","link":"https:\/\/spdpraha.cz\/?p=792","title":{"rendered":"Babi\u0161ova vl\u00e1da zak\u00e1zala Rusku dostav\u011bt jadern\u00e9 elektr\u00e1rny"},"content":{"rendered":"<div class=\"d_fB\">\n<p>vy\u0161lo 17.5.2020 zde: <a href=\"https:\/\/www.seznamzpravy.cz\/clanek\/vlada-schvalila-bezpecnostni-pravidla-dostavby-dukovan-106217\">https:\/\/www.seznamzpravy.cz\/clanek\/vlada-schvalila-bezpecnostni-pravidla-dostavby-dukovan-106217<\/a><\/p>\n<h1 class=\"e_J e_D\">Vl\u00e1da schv\u00e1lila bezpe\u010dnostn\u00ed pravidla dostavby Dukovan<\/h1>\n<\/div>\n<div class=\"d_g7\">\n<div class=\"d_g8\" data-e2e=\"ogm-main-media\">\n<figure class=\"f_cB\">\n<div class=\"e_K f_cC\">\n<div class=\"atm-media-item-image-events\" tabindex=\"0\">\n<div class=\"e_c7 e_f e_h\">\n<div class=\"e_fQ\"><\/div>\n<p><img loading=\"lazy\" decoding=\"async\" class=\"e_j e_g\" src=\"https:\/\/d39-a.sdn.cz\/d_39\/c_img_E_M\/LsnBv6.jpeg?fl=cro,0,0,1800,1013%7Cres,1200,,1%7Cwebp,75\" width=\"553\" height=\"311\" \/><\/div>\n<\/div>\n<\/div>\n<\/figure>\n<\/div>\n<\/div>\n<div class=\"ogm-track\">\n<p class=\"e_Q\">Doklument obsahuje bezpe\u010dnostn\u00ed z\u00e1ruky.<\/p>\n<\/div>\n<div class=\"d_hU _5dbc53d22771a35c1126d98c\">\n<div class=\"d_e\" data-e2e=\"ogm-article-layout\">\n<article class=\"d_fw\" role=\"article\" aria-labelledby=\"accessibility-article\">\n<h6 id=\"accessibility-article\" class=\"e_J e_I\">\u010cl\u00e1nek<\/h6>\n<div class=\"d_a4\" data-dot=\"ogm-article-content\">\n<div class=\"f_a5\">\n<div class=\"f_cU\">\n<p class=\"e_Q\">Vl\u00e1da ned\u00e1vno v\u00a0re\u017eimu tajn\u00e9 schv\u00e1lila bezpe\u010dnostn\u00ed pravidla pro v\u00fdb\u011br dodavatele nov\u00e9ho jadern\u00e9ho bloku v\u00a0Dukovanech. Uvedl to dnes <a href=\"https:\/\/denikn.cz\/?ref=menu\" target=\"_blank\" rel=\"noopener noreferrer\">Den\u00edk N<\/a> na z\u00e1klad\u011b \u010dty\u0159 na sob\u011b nez\u00e1visl\u00fdch zdroj\u016f. Podle zdroje bl\u00edzk\u00e9ho p\u0159\u00edprav\u011b tendru dokument obsahuje bezpe\u010dnostn\u00ed z\u00e1jmy, kter\u00e9 by m\u011bly garantovat, \u017ee zak\u00e1zku nedostane n\u011bkdo, kdo je strategick\u00fdm rizikem. Zm\u00ednil konkr\u00e9tn\u011b Rusko a \u010c\u00ednu.<\/p>\n<\/div>\n<div class=\"f_cU\">\n<p class=\"e_Q\">Vicepremi\u00e9r Karel Havl\u00ed\u010dek (za ANO) na tiskov\u00e9 konferenci po jedn\u00e1n\u00ed vl\u00e1dy v\u00a0pond\u011bl\u00ed 27.\u00a0dubna uvedl, \u017ee kabinet ANO a \u010cSSD p\u0159ijal n\u00e1vrhy dvou smluv mezi vl\u00e1dou a energetickou skupinou \u010cEZ o\u00a0stavb\u011b nov\u00e9ho bloku pro jedn\u00e1n\u00ed o\u00a0notifikaci s\u00a0Evropskou komis\u00ed. Vedle zast\u0159e\u0161uj\u00edc\u00ed dohody vl\u00e1da schv\u00e1lila smlouvu, kter\u00e1 definuje \u00fazemn\u00ed povolen\u00ed k\u00a0um\u00edst\u011bn\u00ed stavby i\u00a0v\u00fdb\u011br dodavatele do roku 2024, uvedl tehdy. St\u00e1t v\u00a0n\u00ed podle Havl\u00ed\u010dka d\u00e1v\u00e1 mo\u017enost spole\u010dnosti \u010cEZ odprodat mu cel\u00fd projekt.<\/p>\n<\/div>\n<div class=\"f_ch\" data-dot=\"mol-document-links\">\n<div class=\"j_dO\">\n<div class=\"f_cg\" data-dot=\"mol-document-link\">\n<div class=\"f_cf\" data-dot=\"mol-article-card\" data-e2e=\"mol-article-card\">\n<div>\n<div class=\"f_b7 j_b7\">\n<div class=\"f_b8 j_b8\" data-dot=\"mol-article-card-media\">\n<div class=\"e_K\">\n<div class=\"atm-media-item-image-events\">\n<div class=\"e_c7 e_f e_h\">\n<div class=\"e_fQ\"><\/div>\n<p><strong>\u010cesk\u00fd jadern\u00fd projekt m\u00e1 v rukou Brusel. Z\u00e1le\u017e\u00ed na tom, jak se postav\u00ed k atomu<\/strong><\/div>\n<\/div>\n<\/div>\n<\/div>\n<div class=\"f_hL j_hL\">\n<div class=\"f_b- j_if j_ij f_cb j_cb\" data-dot=\"mol-card-meta\"><span class=\"mol-formatted-date\"><span class=\"mol-formatted-date__date\">28.\u00a04. <\/span><span class=\"mol-formatted-date__time\">18:55<\/span><\/span><\/div>\n<\/div>\n<\/div>\n<\/div>\n<\/div>\n<\/div>\n<\/div>\n<\/div>\n<div class=\"f_cU\">\n<p class=\"e_Q\">Pro Den\u00edk N Havl\u00ed\u010dek up\u0159esnil, \u017ee vl\u00e1da schv\u00e1lila z\u00e1kladn\u00ed parametry a teze dvou smluv, fin\u00e1ln\u00ed zn\u011bn\u00ed bude je\u0161t\u011b upravov\u00e1no. Kone\u010dn\u00fd text by m\u011bl b\u00fdt p\u0159edlo\u017een ke schv\u00e1len\u00ed 30.\u00a0\u010dervna, \u0159ekl ministr. Kontrakty by tak m\u011bl prodiskutovat i\u00a0St\u00e1l\u00fd v\u00fdbor pro v\u00fdstavbu nov\u00fdch jadern\u00fdch zdroj\u016f. Jeho \u010dlenka Helena Lang\u0161\u00e1dlov\u00e1 (TOP 09) Den\u00edku N \u0159ekla, \u017ee se tak dosud nestalo.<\/p>\n<\/div>\n<div class=\"f_a6\" data-dot=\"mol-self-promo\"><\/div>\n<div class=\"f_cU\">\n<p class=\"e_Q\">Krom\u011b t\u011bchto tez\u00ed ale vl\u00e1da podle serveru v\u00a0re\u017eimu tajn\u00e9 schv\u00e1lila bezpe\u010dnostn\u00ed pravidla pro v\u00fdb\u011br dodavatele. Havl\u00ed\u010dek se Den\u00edku N p\u0159\u00edmo k\u00a0v\u011bci nevyj\u00e1d\u0159il, potvrdil ale, \u017ee kabinet o\u00a0j\u00e1dru jednal i\u00a0v\u00a0re\u017eimu tajn\u00e9. \u201eJsou tam bezpe\u010dnostn\u00ed z\u00e1jmy, kter\u00e9 by m\u011bly garantovat, \u017ee p\u0159i zad\u00e1v\u00e1n\u00ed zak\u00e1zky to nedostane n\u011bkdo, kdo by byl strategick\u00fdm rizikem,\u201c \u0159ekl Den\u00edku N zdroj bl\u00edzk\u00fd p\u0159\u00edprav\u011b tendru. Podle n\u011bj jde o\u00a0Rusko a \u010c\u00ednu.<\/p>\n<\/div>\n<div class=\"f_cU\">\n<p class=\"e_Q\">O\u00a0stavbu jadern\u00e9ho bloku v\u00a0\u010cR se podle d\u0159\u00edv\u011bj\u0161\u00edch informac\u00ed zaj\u00edm\u00e1 \u0161est spole\u010dnost\u00ed &#8211; rusk\u00e1 st\u00e1tn\u00ed spole\u010dnost Rosatom, francouzsk\u00e1 EDF, jihokorejsk\u00e1 KHNP, \u010d\u00ednsk\u00e1 China General Nuclear Power, americk\u00e1 Westinghouse a spole\u010dn\u00fd projekt Arevy a Mitsubishi Atmea.<\/p>\n<\/div>\n<div class=\"f_ch\" data-dot=\"mol-document-links\">\n<div class=\"j_dO\">\n<div class=\"f_cg\" data-dot=\"mol-document-link\">\n<div class=\"f_cf\" data-dot=\"mol-article-card\" data-e2e=\"mol-article-card\">\n<div>\n<div class=\"f_b7 j_b7\">\n<div class=\"f_b8 j_b8\" data-dot=\"mol-article-card-media\">\n<div class=\"e_K\">\n<div class=\"atm-media-item-image-events\">\n<div class=\"e_c7 e_f e_h\">\n<div class=\"e_fQ\"><\/div>\n<p><strong>Koment\u00e1\u0159: Energetick\u00e9 \u017eonglov\u00e1n\u00ed s miliardami a bezpe\u010dnost\u00ed<\/strong><\/div>\n<\/div>\n<\/div>\n<\/div>\n<div class=\"f_hL j_hL\">\n<div class=\"f_b- j_if j_ij f_cb j_cb\" data-dot=\"mol-card-meta\"><span class=\"mol-formatted-date\"><span class=\"mol-formatted-date__date\">28.\u00a04. <\/span><span class=\"mol-formatted-date__time\">16:15<\/span><\/span><\/div>\n<\/div>\n<\/div>\n<\/div>\n<\/div>\n<\/div>\n<\/div>\n<\/div>\n<div class=\"f_cU\">\n<p class=\"e_Q\">Dokument podle d\u0159\u00edv\u011bj\u0161\u00edch informac\u00ed t\u00fdden\u00edku Respekt pracovn\u00ed skupina, kter\u00e1 m\u00e1 na starosti bezpe\u010dnostn\u00ed z\u00e1jmy st\u00e1tu v\u00a0oblasti jadern\u00e9 energetiky, vypracovala p\u0159ed rokem a p\u016fl. Podm\u00ednky by podle n\u011bj v\u00a0z\u00e1sad\u011b vy\u0159adily Rusko a \u010c\u00ednu, a\u010dkoli je dokument p\u0159\u00edmo nezmi\u0148uje. \u201eTakovou specifickou podm\u00ednkou nap\u0159\u00edklad je, zda domovsk\u00e1 zem\u011b n\u011bkter\u00e9ho z\u00a0dodavatel\u016f ozna\u010duje ve sv\u00fdch ofici\u00e1ln\u00edch dokumentech n\u011bkoho za nep\u0159\u00edtele. Takov\u00e9 ozna\u010den\u00ed Rusko pou\u017eilo ve sv\u00e9 doktr\u00edn\u011b pro Severoatlantickou alianci, a tedy p\u0159enesen\u011b i\u00a0pro \u010ceskou republiku,\u201c uvedl Den\u00edk N.<\/p>\n<\/div>\n<div class=\"f_a6\" data-dot=\"mol-self-promo\">\n<div>\n<div class=\"mol-native-advert js-ad f_c6\"><\/div>\n<\/div>\n<\/div>\n<div class=\"f_cU\">\n<p class=\"e_Q\">Podle dal\u0161\u00edch dvou zdroj\u016f Den\u00edku N se podoba schv\u00e1len\u00e9ho textu od p\u016fvodn\u00edho z\u00e1sadn\u011b neli\u0161\u00ed, p\u0159esto\u017ee podle d\u0159\u00edv\u011bj\u0161\u00edch informac\u00ed serveru byli \u010dlenov\u00e9 komise pod tlakem, aby podm\u00ednky zm\u011bnili. Podle jednoho ze zdroj\u016f m\u00e1 materi\u00e1l t\u0159i verze li\u0161\u00edc\u00ed se m\u00edrou podrobnosti a stupn\u011bm utajen\u00ed.<\/p>\n<\/div>\n<\/div>\n<\/div>\n<\/article>\n<\/div>\n<\/div>\n","protected":false},"excerpt":{"rendered":"<p>vy\u0161lo 17.5.2020 zde: https:\/\/www.seznamzpravy.cz\/clanek\/vlada-schvalila-bezpecnostni-pravidla-dostavby-dukovan-106217 Vl\u00e1da schv\u00e1lila bezpe\u010dnostn\u00ed pravidla dostavby Dukovan Doklument obsahuje bezpe\u010dnostn\u00ed z\u00e1ruky. \u010cl\u00e1nek Vl\u00e1da ned\u00e1vno v\u00a0re\u017eimu tajn\u00e9 schv\u00e1lila bezpe\u010dnostn\u00ed pravidla pro v\u00fdb\u011br dodavatele nov\u00e9ho jadern\u00e9ho bloku v\u00a0Dukovanech. Uvedl to dnes Den\u00edk N na z\u00e1klad\u011b \u010dty\u0159 na sob\u011b nez\u00e1visl\u00fdch zdroj\u016f. Podle zdroje bl\u00edzk\u00e9ho p\u0159\u00edprav\u011b tendru dokument obsahuje bezpe\u010dnostn\u00ed z\u00e1jmy, kter\u00e9 by m\u011bly garantovat, \u017ee zak\u00e1zku nedostane n\u011bkdo, kdo je<\/p>\n","protected":false},"author":1,"featured_media":0,"comment_status":"closed","ping_status":"open","sticky":false,"template":"","format":"standard","meta":{"_exactmetrics_skip_tracking":false,"_exactmetrics_sitenote_active":false,"_exactmetrics_sitenote_note":"","_exactmetrics_sitenote_category":0,"footnotes":""},"categories":[10,15,2,86,54],"tags":[],"class_list":["post-792","post","type-post","status-publish","format-standard","hentry","category-bezpecnost","category-cr","category-eu","category-rusko-2","category-sobestacnost"],"_links":{"self":[{"href":"https:\/\/spdpraha.cz\/index.php?rest_route=\/wp\/v2\/posts\/792","targetHints":{"allow":["GET"]}}],"collection":[{"href":"https:\/\/spdpraha.cz\/index.php?rest_route=\/wp\/v2\/posts"}],"about":[{"href":"https:\/\/spdpraha.cz\/index.php?rest_route=\/wp\/v2\/types\/post"}],"author":[{"embeddable":true,"href":"https:\/\/spdpraha.cz\/index.php?rest_route=\/wp\/v2\/users\/1"}],"replies":[{"embeddable":true,"href":"https:\/\/spdpraha.cz\/index.php?rest_route=%2Fwp%2Fv2%2Fcomments&post=792"}],"version-history":[{"count":1,"href":"https:\/\/spdpraha.cz\/index.php?rest_route=\/wp\/v2\/posts\/792\/revisions"}],"predecessor-version":[{"id":793,"href":"https:\/\/spdpraha.cz\/index.php?rest_route=\/wp\/v2\/posts\/792\/revisions\/793"}],"wp:attachment":[{"href":"https:\/\/spdpraha.cz\/index.php?rest_route=%2Fwp%2Fv2%2Fmedia&parent=792"}],"wp:term":[{"taxonomy":"category","embeddable":true,"href":"https:\/\/spdpraha.cz\/index.php?rest_route=%2Fwp%2Fv2%2Fcategories&post=792"},{"taxonomy":"post_tag","embeddable":true,"href":"https:\/\/spdpraha.cz\/index.php?rest_route=%2Fwp%2Fv2%2Ftags&post=792"}],"curies":[{"name":"wp","href":"https:\/\/api.w.org\/{rel}","templated":true}]}}