{"id":803,"date":"2020-07-08T20:20:47","date_gmt":"2020-07-08T19:20:47","guid":{"rendered":"http:\/\/spdpraha.cz\/?p=803"},"modified":"2020-07-24T12:18:42","modified_gmt":"2020-07-24T11:18:42","slug":"zmrzacena-priroda-sucho-a-nase-potraviny-vyvezeme-mleko-obili-a-zvirata-dovazime-hotove-vyrobky-zato-rakusane-zkuseny-sedlak-to-chce-menit-v-senatu","status":"publish","type":"post","link":"https:\/\/spdpraha.cz\/?p=803","title":{"rendered":"Zmrza\u010den\u00e1 p\u0159\u00edroda, sucho. A na\u0161e potraviny? Vyvezeme ml\u00e9ko, obil\u00ed a zv\u00ed\u0159ata, dov\u00e1\u017e\u00edme hotov\u00e9 v\u00fdrobky! Zato Raku\u0161an\u00e9&#8230; Zku\u0161en\u00fd sedl\u00e1k to chce m\u011bnit v Sen\u00e1tu"},"content":{"rendered":"<section class=\"article-header\"><a href=\"https:\/\/www.parlamentnilisty.cz\/arena\/monitor\/Zmrzacena-priroda-sucho-A-nase-potraviny-Vyvezeme-mleko-obili-a-zvirata-dovazime-hotove-vyrobky-Zato-Rakusane-Zkuseny-sedlak-to-chce-menit-v-Senatu-629685\">https:\/\/www.parlamentnilisty.cz\/arena\/monitor\/Zmrzacena-priroda-sucho-A-nase-potraviny-Vyvezeme-mleko-obili-a-zvirata-dovazime-hotove-vyrobky-Zato-Rakusane-Zkuseny-sedlak-to-chce-menit-v-Senatu-629685<\/a><\/p>\n<div class=\"row\">\n<div class=\"col-md-3\">\n<div class=\"time\">08.07.2020<\/div>\n<\/div>\n<\/div>\n<p class=\"brief\"><strong>ROZHOVOR Jizvy, p\u016fsoben\u00e9 krajin\u011b a \u010desk\u00e9mu zem\u011bd\u011blstv\u00ed u\u017e za komunist\u016f, te\u010f dor\u00e1\u017e\u00ed klimatick\u00e1 zm\u011bna. Zem\u011bd\u011blec Daniel Pitek, kter\u00fd hospoda\u0159\u00ed na 600 hektarech v \u010cesk\u00e9m st\u0159edoho\u0159\u00ed, m\u011bn\u00ed zmrza\u010denou p\u0159\u00edrodu nejen sv\u00fdm p\u0159\u00edkladem: Chce b\u00fdt sly\u0161et jako sen\u00e1tor za \u201asuch\u00fd region\u2018. Se sedl\u00e1kem od Mile\u0161ovky jsme mluvili nejen o t\u016fn\u00edch a chl\u00e9vsk\u00e9 mrv\u011b. \u201ePijavi\u010dky p\u0159is\u00e1t\u00e9 na st\u00e1t?\u201c Vzpomn\u011bl, jak\u00fdm d\u016fvodem proti EET \u0161okoval Babi\u0161e: Ami\u0161ov\u00e9 jako p\u0159\u00edhodn\u00fd argument. \u010ct\u011bte, co chce zm\u011bnit u t\u011bch, kte\u0159\u00ed d\u00e1vaj\u00ed pr\u00e1ci. <\/strong><\/p>\n<div>\n<div class=\"social-media-buttons clearfix\"><\/div>\n<\/div>\n<figure>\n<div class=\"img\"><img decoding=\"async\" src=\"https:\/\/cms.parlamentnilisty.cz\/image.ashx?w=632&amp;h=307&amp;f=Pitek_1_637297870062796431.jpg&amp;id=151532\" alt=\"Zmrza\u010den\u00e1 p\u0159\u00edroda, sucho. A na\u0161e potraviny? Vyvezeme ml\u00e9ko, obil\u00ed a zv\u00ed\u0159ata, dov\u00e1\u017e\u00edme hotov\u00e9 v\u00fdrobky! Zato Raku\u0161an\u00e9... Zku\u0161en\u00fd sedl\u00e1k to chce m\u011bnit v Sen\u00e1tu\" \/><\/div><figcaption class=\"photo-info\"><small>Foto: <strong>archiv D. Pitek<\/strong><br \/>\nPopisek: <strong>Daniel Pitek<\/strong><\/small><\/figcaption><\/figure>\n<\/section>\n<p>&nbsp;<\/p>\n<section class=\"article-content\"><strong>Pro boj za spr\u00e1vn\u00e9 v\u011bci dok\u00e1\u017eete pou\u017e\u00edt netradi\u010dn\u00ed upout\u00e1vky \u2013 ned\u00e1vno jste na akci Milionu chvilek p\u0159ijel do Prahy na traktoru a\u017e od Mile\u0161ovky. Jakou chyst\u00e1te formu sen\u00e1torsk\u00e9 kampan\u011b?<\/strong>Vedle soci\u00e1ln\u00edch s\u00edt\u00ed, kter\u00e9 p\u0159eva\u017euj\u00ed, se chci s\u00a0lidmi potk\u00e1vat osobn\u011b, co\u017e nyn\u00ed v\u00fdrazn\u011b \u201ezasekl\u201c koronavirus. M\u011bl jsem toti\u017e napl\u00e1nov\u00e1no \u2013 krom\u011b politick\u00e9 kampan\u011b \u2013 tak\u00e9 seznamov\u00e1n\u00ed lid\u00ed s\u00a0projektem <a href=\"https:\/\/www.asz.cz\/cs\/program-pestra-krajina\/\" target=\"_blank\" rel=\"nofollow noopener noreferrer\"><strong>Pestr\u00e1 krajina<\/strong><\/a>, kter\u00fd propaguji u\u017e t\u0159et\u00edm rokem.<\/p>\n<p>Jeho smyslem je pr\u00e1v\u011b uzdravit a zlep\u0161it stav \u010desk\u00e9 krajiny a p\u016fdy. Propagujeme p\u0159\u00edklady dobr\u00e9 praxe rodinn\u00fdch farem, sedl\u00e1k\u016f, sp\u00ed\u0161e men\u0161\u00edch a st\u0159edn\u00edch farem, kter\u00e9 hospoda\u0159\u00ed opravdu v souladu s \u017eivotn\u00edm prost\u0159ed\u00edm, a krom\u011b toho, \u017ee se u\u017eiv\u00ed, tak je\u0161t\u011b zlep\u0161uj\u00ed nebo minim\u00e1ln\u011b udr\u017euj\u00ed mimoproduk\u010dn\u00ed funkce krajiny, kter\u00e9 jsou d\u016fle\u017eit\u00e9 pro celou spole\u010dnost.<\/p>\n<div>\n<p><em>Daniel Pitek realizuje postupy na zadr\u017eov\u00e1n\u00ed vody v krajin\u011b a zvy\u0161ov\u00e1n\u00ed druhov\u00e9 rozmanitosti. D\u00edky t\u0159em des\u00edtk\u00e1m t\u016fn\u00ed, mozaikov\u00e9 se\u010di, solit\u00e9rn\u00edm strom\u016fm a agrolesnick\u00fdm postup\u016fm, kter\u00e9 na sv\u00fdch pozemc\u00edch uplat\u0148uje, se do krajiny vrac\u00ed \u0159ada vz\u00e1cn\u00fdch a chr\u00e1n\u011bn\u00fdch druh\u016f pt\u00e1k\u016f, rostlin, hmyzu i plaz\u016f.<\/em><\/p>\n<\/div>\n<p>P\u0159es den pracuji a ve\u010der se sna\u017e\u00edm \u00fa\u010dastnit p\u0159edn\u00e1\u0161ek. Chci v\u00e9st kampa\u0148 nen\u00e1silnou formou, kdy pl\u00e1nuji mluvit pr\u00e1v\u011b o t\u00e9matech, kter\u00e1 m\u011b zaj\u00edmaj\u00ed a kv\u016fli kter\u00fdm jsem byl ochotn\u00fd k\u00fdvnout na to, \u017ee do politiky n\u011bjak aktivn\u011b vstoup\u00edm. Ur\u010dit\u011b budu r\u00e1d jezdit na diskuse a besedy.<\/p>\n<p>P\u0159es l\u00e9to bude pot\u0159eba to samoz\u0159ejm\u011b skloubit s\u00a0na\u0161imi sez\u00f3nn\u00edmi pracemi, ale to se zvl\u00e1dne, proto\u017ee se mnou pracuj\u00ed velice dob\u0159\u00ed kluci. Mysl\u00edm, \u017ee na\u0161e povinnosti zvl\u00e1d\u00e1me bez probl\u00e9mu.<\/p>\n<div>\n<div dir=\"auto\"><\/div>\n<div dir=\"auto\"><\/div>\n<div dir=\"auto\"><em>\u201eA takto to k ve\u010deru vypadalo, kdy\u017e kr\u00e1vy u Mile\u0161ova p\u00e1sla duha,\u201c napsal Daniel Pitek na facebooku pod tuto svou fotografii p\u0159ed p\u00e1r dny.<\/em><\/div>\n<div><\/div>\n<\/div>\n<div><strong>\u017dijete a hospoda\u0159\u00edte pod Mile\u0161ovkou \u2013 na Litom\u011b\u0159icku a Teplicku. Kandidovat budete ale za Lounsko-\u017datecko-Rakovnicko: Vyb\u00edral jste volebn\u00ed okrsek c\u00edlen\u011b, proto\u017ee jde o zem\u011bd\u011blsk\u00fd region, nebo \u201en\u00e1hodn\u011b\u201c, proto\u017ee byl pro sen\u00e1tn\u00ed kandidaturu prost\u011b k\u00a0dispozici?<\/strong><\/div>\n<p>Nejde o n\u00e1hodu, region je vybran\u00fd naprosto s\u00a0rozmyslem. Jednak soused\u00ed s\u00a0oblast\u00ed, v\u00a0kter\u00e9 \u017eiju \u2013 Litom\u011b\u0159icko a Teplicko, p\u0159\u00edmo kolem Mile\u0161ovky, co\u017e je \u010cesk\u00e9 st\u0159edoho\u0159\u00ed, kter\u00e1 na Lounsko navazuje. Tak\u017ee se sem dost\u00e1v\u00e1m velice \u010dasto. Nen\u00ed to oblast, kterou bych neznal a kde bych se nepohyboval.<\/p>\n<div id=\"carodaOutstream9682Container\" class=\"carodaContainer\">\n<div id=\"carodaTeadsContainer267083297\" class=\"carodaOutstream fs-caroda-container-177134 fs-caroda-container-857241\">\n<div class=\"teads-adCall\"><\/div>\n<\/div>\n<\/div>\n<p>Do Loun jezd\u00edm nap\u0159\u00edklad i do traktorov\u00e9 stanice. Roky jsem tam tak\u00e9 p\u016fsobil jako str\u00e1\u017e ochrany p\u0159\u00edrody pod spr\u00e1vou Chr\u00e1n\u011bn\u00e9 krajinn\u00e9 oblasti. Jezdil jsem nap\u0159\u00edklad na Ranou, na K\u0159\u00ed\u017eov\u00e9 vr\u0161ky, na Obl\u00edk, Srdov\u2026 V\u011bnoval jsem se zde aktivit\u00e1m souvisej\u00edc\u00edm s\u00a0\u017eivotn\u00edm prost\u0159ed\u00edm.<\/p>\n<p>Hlavn\u00ed d\u016fvod tkv\u00ed v\u00a0tom, \u017ee se dlouhodob\u011b zab\u00fdv\u00e1m dopady klimatick\u00e9 zm\u011bny na \u010desk\u00e9 lesnictv\u00ed a zem\u011bd\u011blstv\u00ed, adaptac\u00ed krajiny pr\u00e1v\u011b v\u00a0d\u016fsledku klimatick\u00e9 zm\u011bny, kter\u00e1 ve sv\u00fdch projevech zp\u016fsobila hlavn\u011b p\u0159\u00edvalov\u00e9 de\u0161t\u011b spojen\u00e9 s\u00a0povodn\u011bmi \u2013 oblast Lounska, \u017datecka, Rakovnicka je intenzivn\u00edm suchem posti\u017een\u00e1 velice, proto\u017ee je ve sr\u00e1\u017ekov\u00e9m st\u00ednu Kru\u0161n\u00fdch hor, je tam z\u010d\u00e1sti n\u00edzk\u00e1 nadmo\u0159sk\u00e1 v\u00fd\u0161ka.<\/p>\n<p>D\u00e1le jde o intenzivn\u011b vyu\u017e\u00edvanou zem\u011bd\u011blskou krajinu \u2013 a j\u00e1 s\u00e1m jsem zem\u011bd\u011blec. Sucho se zde mimochodem podepisuje na ni\u017e\u0161\u00ed \u00farod\u011b chmele a sladovnick\u00e9ho je\u010dmenu.<\/p>\n<p>Jako sedl\u00e1k a lesn\u00edk se ka\u017ed\u00fd den pot\u00fdk\u00e1m s dopady sucha a pozoruji, jak je krajina nefunk\u010dn\u00ed. \u010cesk\u00e1 republika \u010del\u00ed z\u00e1va\u017en\u00e9 krizi, kter\u00e1 se bude stup\u0148ovat a kter\u00e1 se nevyhne nikomu. A co h\u016f\u0159, na tuto situaci nen\u00ed t\u00e9m\u011b\u0159 v\u016fbec p\u0159ipravena. Abychom obst\u00e1li tv\u00e1\u0159\u00ed v tv\u00e1\u0159 \u010d\u00edm d\u00e1l intenzivn\u011bj\u0161\u00edm extr\u00e9mn\u00edm v\u00fdkyv\u016fm po\u010das\u00ed, je t\u0159eba p\u0159ipravit kvalitn\u00ed a funk\u010dn\u00ed z\u00e1kony. Ty by m\u011bly ob\u010dan\u016fm, starost\u016fm a firm\u00e1m nab\u00eddnout spolehliv\u00e1 a dostupn\u00e1 \u0159e\u0161en\u00ed a z\u00e1rove\u0148 jim nekl\u00e1st p\u0159ek\u00e1\u017eky ve snaze se na m\u011bn\u00edc\u00ed podm\u00ednky p\u0159ipravit.<\/p>\n<p>V\u00a0t\u00e9 souvislosti bych se r\u00e1d zab\u00fdval i ne\u0161vary jako je <a href=\"http:\/\/danielpitek.cz\/zastavba-zemedelske-krajiny\/jak-konkretne-prispet-k-ochrane-ceske-krajiny-ceske-pudy-a-k-boji-se-suchem\/\" target=\"_blank\" rel=\"nofollow noopener noreferrer\"><strong>z\u00e1stavba zem\u011bd\u011blsk\u00e9 p\u016fdy logistick\u00fdmi halami<\/strong><\/a>.<\/p>\n<p><strong><em>Cel\u00fd program Daniela Pitka do Sen\u00e1tu <\/em><\/strong><a href=\"http:\/\/danielpitek.cz\/senat\/207\/\" target=\"_blank\" rel=\"nofollow noopener noreferrer\"><strong><em>si p\u0159e\u010dt\u011bte zde<\/em><\/strong><\/a><strong><em>.<\/em><\/strong><\/p>\n<p>A samoz\u0159ejm\u011b K\u0159ivokl\u00e1tsko a oblast kolem Berounky je oblast, kterou m\u00e1m r\u00e1d a relativn\u011b dost jsem se tam najezdil. Mimoto budu iniciovat z\u00e1pis \u00fadol\u00ed Berounky na seznam pam\u00e1tek Sv\u011btov\u00e9ho d\u011bdictv\u00ed UNESCO. K\u0159ivokl\u00e1tsko a krajina Oty Pavla kolem Berounky je tak\u00e9 kulturn\u011b cenn\u00e1 natolik, \u017ee mohou slou\u017eit jako vzor pro dal\u0161\u00ed kouty republiky.<\/p>\n<p><strong>Na Podbo\u0159ansku a Rakovnicku se nyn\u00ed p\u0159ipravuje v\u00fdstavba um\u011bl\u00fdch n\u00e1dr\u017e\u00ed, na co\u017e jsou r\u016fzn\u00e9 n\u00e1zory. Ten v\u00e1\u0161, jako podporovatele p\u0159irozen\u00e9ho zadr\u017eov\u00e1n\u00ed vody v krajin\u011b, je jak\u00fd?<\/strong><\/p>\n<p>Jde tam o dv\u011b nevelk\u00e9 n\u00e1dr\u017ee. P\u0159izn\u00e1m se, \u017ee tyto men\u0161\u00ed p\u0159ehrady mi \u00fapln\u011b nevad\u00ed. Neberu p\u0159ehrady jako tot\u00e1ln\u00ed zlo. Na druhou stranu je ch\u00e1pu jen jako dopl\u0148kov\u00fd posledn\u00ed prost\u0159edek k\u00a0tomu, jak se vyrovnat se suchem. Proto\u017ee n\u00e1dr\u017ee maj\u00ed smysl samoz\u0159ejm\u011b jen tehdy, pokud maj\u00ed z\u00e1sobovat pitnou vodou ur\u010ditou oblast kolem sebe anebo u\u017eitkovou vodou zavla\u017eovat n\u011bco, co tu vodu pot\u0159ebuje.<\/p>\n<p>Pak p\u0159ehrady maj\u00ed opodstatn\u011bn\u00ed, ale nesm\u00ed samoz\u0159ejm\u011b zas\u00e1hnout v\u00fdzna\u010dn\u00e9 p\u0159\u00edrodn\u00ed lokality ani do vlastnick\u00fdch pr\u00e1v lid\u00ed, aby nemusela b\u00fdt velk\u00e1 spousta z\u00a0nich vyst\u011bhovan\u00e1 nebo vyvlastn\u011bna ze sv\u00fdch pozemk\u016f. Takovou p\u0159ehradu bych v\u00a0\u017e\u00e1dn\u00e9m p\u0159\u00edpad\u011b nepodporoval, ale ty dv\u011b mal\u00e9, kter\u00e9 se v\u00a0dan\u00e9m \u00fazem\u00ed chystaj\u00ed, mi nevad\u00ed a vn\u00edm\u00e1m je pozitivn\u011b. Vadilo by mi, kdyby se m\u011bla stav\u011bt p\u0159ehrada na \u00fadol\u00ed Berounky.<\/p>\n<p><strong>\u010c\u00e1st chmelnic m\u00e1 b\u00fdt stavbou zabran\u00e1, ale z\u0159ejm\u011b to vykompenzuje budouc\u00ed u\u017eitek z\u00a0toho, \u017ee chmelnice budou z\u00a0n\u00e1dr\u017ee zavla\u017eov\u00e1ny v\u00a0dob\u011b sucha\u2026<\/strong><\/p>\n<p>Zabran\u00e9 \u00fazem\u00ed nebude nijak velk\u00e9, a pokud budou vlastn\u00edci chmelnic ochotn\u00ed je odprodat nebo dojde k\u00a0v\u00fdm\u011bn\u011b, kdy za n\u011b dostanou n\u00e1hradn\u00ed pozemky, tak nevid\u00edm z\u00e1sadn\u00ed probl\u00e9m.<\/p>\n<p>Jsem pro, aby se postavily, proto\u017ee sucho se doopravdy prohlubuje a bude se zvy\u0161ovat d\u00e1l. To, \u017ee jsme te\u010f m\u011bli de\u0161tiv\u00fd m\u011bs\u00edc, kdy napadlo relativn\u011b hodn\u011b vody, je z\u00a0pohledu dlouhodob\u00e9ho trendu jen mal\u00e9 vych\u00fdlen\u00ed ze sou\u010dasn\u00e9ho norm\u00e1lu. Sucha ale budou pokra\u010dovat, jeliko\u017e jde o d\u016fsledek klimatick\u00e9 zm\u011bny, kter\u00e1 tady jasn\u011b postupuje.<\/p>\n<p><em>P\u0159esn\u011b tato chmelnice, kter\u00e1 vede pod\u00e9l silnice z \u010cern\u010dic do Kryr a za kterou te\u010de Podvineck\u00fd potok, ustoup\u00ed v\u00fdstavb\u011b n\u00e1dr\u017ee. Foto: Lucie Barto\u0161<\/em><\/p>\n<p><strong>Na p\u016fd\u011b Lounska, \u017datecka a Rakovnicka hojn\u011b hospoda\u0159\u00ed podniky zem\u011bd\u011blsk\u00e9ho koncernu Agrofert, kter\u00e9 \u010dasto nezapadaj\u00ed do p\u0159edstavy farem, kter\u00e9 udr\u017euj\u00ed a respektuj\u00ed mimoproduk\u010dn\u00ed funkce krajiny. To s\u00a0v\u00e1mi d\u011bl\u00e1 co, kdy\u017e v\u00edte, \u017ee se budete potk\u00e1vat se zem\u011bd\u011blci, kte\u0159\u00ed maj\u00ed zcela jinou vizi va\u0161eho oboru?<\/strong><\/p>\n<section class=\"section-brown section-inarticle\">\n<div class=\"well well-rounded\">\n<h2>Infobox<\/h2>\n<h3>Daniel Pitek<\/h3>\n<div>\n<p>Jako soukrom\u00fd zem\u011bd\u011blec se zab\u00fdv\u00e1 p\u0159edev\u0161\u00edm sada\u0159stv\u00edm, chovem krav, ovc\u00ed a kon\u00ed. P\u0159\u00edrod\u011b bl\u00edzk\u00fdm zp\u016fsobem a podle tradi\u010dn\u00edch postup\u016f p\u0159edchoz\u00edch generac\u00ed zalo\u017eil a obnovil celkem 130 hektar\u016f sad\u016f star\u00fdch odr\u016fd.<\/p>\n<p>Organizuje pravideln\u011b osv\u011btov\u00e9 a vzd\u011bl\u00e1vac\u00ed akce pro d\u011bti, vysoko\u0161kolsk\u00e9 studenty i seniory.<\/p>\n<p>V\u011bnuje se problematice hospoda\u0159en\u00ed s vodou v\u00a0krajin\u011b \u2013 za tvorbu vodn\u00edch prvk\u016f v\u00a0krajin\u011b obdr\u017eel Cenu Josefa Vavrou\u0161ka: Zam\u011b\u0159uje se obecn\u011b na t\u00e9mata jako sucho, povodn\u011b, masivn\u00ed rozpad les\u016f, ne\u00faroda kl\u00ed\u010dov\u00fdch plodin, z\u00e1stavba zem\u011bd\u011blsk\u00e9 p\u016fdy, podpora region\u00e1ln\u00edch v\u00fdrobk\u016f a mal\u00fdch a st\u0159edn\u00edch \u017eivnostn\u00edk\u016f.<\/p>\n<p>Usilovat hodl\u00e1 tak\u00e9 o z\u00e1pis Berounky na seznam Sv\u011btov\u00e9ho d\u011bdictv\u00ed UNESCO.<\/p>\n<\/div>\n<\/div>\n<\/section>\n<p>Je to samoz\u0159ejm\u011b o diskusi a debat\u011b, kter\u00e9 dlouhodob\u011b vedu s\u00a0lidmi z\u00a0Agr\u00e1rn\u00ed komory \u010di Zem\u011bd\u011blsk\u00e9ho svazu, kde pr\u00e1v\u011b tyto podniky zastupuj\u00ed zm\u00edn\u011bn\u00e9 velk\u00e9 agr\u00e1rn\u00edky. Dlouhodob\u011b poukazuji, co intenzivn\u00ed velkoplo\u0161n\u00e9 hospoda\u0159en\u00ed \u201ep\u0159in\u00e1\u0161\u00ed\u201c krajin\u011b a venkovu, kde se praktikuje. Za m\u011b je v\u00a0tom mnohem v\u00edc negativ oproti p\u0159\u00ednos\u016fm.Kdy\u017e se pod\u00edv\u00e1te na sociologick\u00e1 data venkova, kde hospoda\u0159\u00ed zm\u00edn\u011bn\u00e9 velk\u00e9 agr\u00e1rn\u00ed podniky a nejsou tam m\u00edstn\u00ed sedl\u00e1ci a osoby samostatn\u011b v\u00fdd\u011ble\u010dn\u011b \u010dinn\u00e9 nap\u0159\u00edklad na rodinn\u00fdch farm\u00e1ch, tak nikdy ten venkov nen\u00ed tak \u017eivotaschopn\u00fd a pestr\u00fd. Na rozd\u00edl od\u00a0oblast\u00ed, kde je zem\u011bd\u011blc\u016f v\u00edc, kde p\u016fsob\u00ed rodinn\u00e9 farmy, a produkce i v\u00fdroba se vlastn\u011b d\u011bje diverzifikovan\u011bji a pest\u0159eji. Je to pak samoz\u0159ejm\u011b lep\u0161\u00ed jak pro krajinu, tak \u017eivotaschopnost venkova.<\/p>\n<p>D\u00e1 se toti\u017e \u0159\u00edci, \u017ee pestrost rovn\u00e1 se stabilita. A to je pravidlo, kter\u00e9 plat\u00ed u v\u0161eho \u2013 a\u0165 jde o p\u0159\u00edrodu nebo spole\u010dnost.<\/p>\n<p>To, \u017ee na dan\u00e9m \u00fazem\u00ed hospoda\u0159\u00ed Agrofert, beru na v\u011bdom\u00ed. Tak to prost\u011b je, ale kdy\u017e se dneska pod\u00edv\u00e1te po republice, tak Agrofert u\u017e dnes hospoda\u0159\u00ed i na Teplicku, Litom\u011b\u0159icku\u2026 Velc\u00ed agr\u00e1rn\u00edci dnes obhospoda\u0159uj\u00ed n\u011bco kolem\u00a0 70 procent zem\u011b. A jde o velk\u00fd rozd\u00edl mezi n\u00e1mi a vysp\u011blou z\u00e1padn\u00ed Evropou, anebo dokonce mezi n\u00e1mi, Pol\u00e1ky a Ma\u010fary.<\/p>\n<p>Sou\u010dasn\u00fd stav bychom pochopiteln\u011b m\u011bli co nejd\u0159\u00edv zm\u011bnit. Je to dnes i p\u0159edm\u011btem kritiky v\u00a0r\u00e1mci usnesen\u00ed, kter\u00e9 p\u0159ijal Evropsk\u00fd parlament k\u00a0Andreji Babi\u0161ovi a Agrofertu. P\u016fsoben\u00ed Agrofertu nen\u00ed ide\u00e1ln\u00ed cesta, kterou bychom cht\u011bli a pot\u0159ebovali v\u00a0na\u0161em regionu, a nejen v\u00a0n\u011bm.Je\u0161t\u011b s\u00a0t\u00edm souvis\u00ed jedna v\u011bc: Pr\u00e1ce sen\u00e1tora nen\u00ed v\u011bc\u00ed \u010dist\u011b volebn\u00edho obvodu, za kter\u00fd je zvolen, ale pracuje pro celou \u010ceskou republiku. A toto je zrovna ot\u00e1zka obecn\u011b cel\u00e9 zem\u011b.<\/p>\n<p><strong>Ned\u00e1vno jsem se do\u010detla, \u017ee t\u0159eba Belgie m\u011bla v\u00a0dob\u011b nouzov\u00e9ho stavu z\u00e1jem o biopotraviny pr\u00e1v\u011b z\u00a0\u010cech \u2013 to m\u011b p\u0159ekvapilo, kdy\u017e z druh\u00e9 strany \u010dteme, jak my sami jsme v\u00a0mnoh\u00e9m z\u00e1visl\u00ed na dovozu\u2026 Tedy alespo\u0148 <\/strong><a href=\"https:\/\/www.parlamentnilisty.cz\/politika\/politici-volicum\/Ministr-Jurecka-V-roce-2030-bude-CR-primerene-potravinove-sobestacna-427598\" target=\"_blank\" rel=\"noopener noreferrer\"><strong>ministerstvo zem\u011bd\u011blstv\u00ed tvrd\u00ed, \u017ee nejsme \u201epotravinov\u011b sob\u011bsta\u010dn\u00ed\u201c<\/strong><\/a><strong>\u2026<\/strong><\/p>\n<p>Z\u00e1visl\u00ed na dovozu? A co je vlastn\u011b potravinov\u00e1 sob\u011bsta\u010dnost? Potravinov\u00e1 sob\u011bsta\u010dnost \u010cesk\u00e9 republiky je pojem, kter\u00fd je zcela nesmysln\u00fd. Proto\u017ee byste mohla mluvit o potravinov\u00e9 sob\u011bsta\u010dnosti <em>\u00dasteck\u00e9ho kraje<\/em> nebo potravinov\u00e9 sob\u011bsta\u010dnosti <em>Lounska \u010di Rakovnicka<\/em>.<\/p>\n<p>Pokud m\u00e1me spojen\u00fd evropsk\u00fd trh, jsme sou\u010d\u00e1st\u00ed Evropsk\u00e9 unie a m\u00e1me tady bezbari\u00e9rov\u00fd a bezceln\u00ed prostor v\u00a0r\u00e1mci EU, tak m\u016f\u017eeme mluvit o potravinov\u00e9 sob\u011bsta\u010dnosti <em>Evropsk\u00e9 unie<\/em>.<\/p>\n<p><strong>Aha, ch\u00e1pu\u2026<\/strong><\/p>\n<p>My samoz\u0159ejm\u011b m\u016f\u017eeme mluvit o tom, kolik procent produkce v ur\u010dit\u00fdch komodit\u00e1ch m\u00e1me oproti pot\u0159eb\u011b na dan\u00e9m \u00fazem\u00ed, kolik \u010deho spot\u0159ebov\u00e1v\u00e1me ro\u010dn\u011b \u2013 kolik \u010deho dan\u00e9 \u00fazem\u00ed spot\u0159ebov\u00e1v\u00e1 a kolik tam vyr\u00e1b\u00edme.Kdy\u017e to vezmu od hov\u011bz\u00edho masa, obil\u00ed, ml\u00e9ka a dal\u0161\u00ed spousty komodit, tak v\u00a0drtiv\u00e9 v\u011bt\u0161in\u011b vyr\u00e1b\u00edme v\u00edc, ne\u017e kolik na na\u0161em \u00fazem\u00ed spot\u0159ebujeme. Jedin\u00e9, v\u00a0\u010dem jsme ve velk\u00e9m minusu a dov\u00e1\u017e\u00edme toho hodn\u011b pro na\u0161i pot\u0159ebu, je ku\u0159ec\u00ed maso a vep\u0159ov\u00e9 maso.<\/p>\n<p>My m\u00e1me jin\u00fd probl\u00e9m\u2026<\/p>\n<p><strong>Jak\u00fd?<\/strong><\/p>\n<p>V\u011bt\u0161inu zem\u011bd\u011blsk\u00e9 produkce vyprodukujeme v\u00a0prvov\u00fdrob\u011b, prvoprodukt \u2013 nap\u0159\u00edklad obil\u00ed, ml\u00e9ko nebo zv\u00ed\u0159ata. Vyvezeme je, v\u00a0zahrani\u010d\u00ed se komodita zpracuje a pak n\u00e1m to z\u00a0ostatn\u00edch st\u00e1t\u016f p\u0159iv\u00e1\u017eej\u00ed nazp\u00e1tek jako hotov\u00fd v\u00fdrobek: My vyvezeme ml\u00e9ko a oni n\u00e1m dov\u00e1\u017eej\u00ed jogurt. My vyvezeme obil\u00ed a nazp\u00e1tek n\u00e1m dodaj\u00ed pe\u010divo. My dod\u00e1me zv\u00ed\u0159ata a z\u00a0ostatn\u00edch zem\u00ed n\u00e1m p\u0159ivezou sal\u00e1m a dal\u0161\u00ed zpracovan\u00e9 masn\u00e9 v\u00fdrobky.<\/p>\n<p><strong>Kter\u00e1 zem\u011b by pro n\u00e1s mohla b\u00fdt vzorem?<\/strong><\/p>\n<p>V\u00a0tomhle je kr\u00e1sn\u00e9 srovn\u00e1n\u00ed Rakouska, kter\u00e9 hodn\u011b r\u00e1d p\u0159ipom\u00edn\u00e1m \u2013 a\u0165 ve vztahu k\u00a0p\u016fd\u011b a ke krajin\u011b, tak je to patrn\u00e9 i na produkci. Ned\u00e1vno vy\u0161el \u010dl\u00e1nek jednoho na\u0161eho z\u00e1stupce, kter\u00fd v\u00a0Rakousku p\u016fsobil dlouhodob\u011b. Jde o analytika, kter\u00fd tamn\u00ed pom\u011bry zn\u00e1 v\u00fdborn\u011b v\u010detn\u011b p\u0159esn\u00fdch \u010d\u00edsel.<\/p>\n<p>Rakousko je na tom s\u00a0produkc\u00ed mnohem l\u00e9pe proto, \u017ee oni vytv\u00e1\u0159ej\u00ed produkci s\u00a0nejvy\u0161\u0161\u00ed mo\u017enou p\u0159idanou hodnotou: V\u0161echno se sna\u017e\u00ed dostat a\u017e do podoby toho fin\u00e1ln\u00edho v\u00fdrobku, kter\u00fd jde rovnou ke spot\u0159ebiteli. A je\u0161t\u011b je tam jedna z\u00e1le\u017eitost \u2013 a to si mysl\u00edm, \u017ee je idea zem\u011bd\u011blstv\u00ed, kterou nikdo nem\u016f\u017ee zpochybnit jako nejlep\u0161\u00ed:<\/p>\n<p>Aby i samotn\u00e1 cesta od prvov\u00fdrobce ke kone\u010dn\u00e9mu spot\u0159ebiteli byla bez \u0159ady mezi\u010dl\u00e1nk\u016f \u2013 aby ve sv\u00e9 podstat\u011b lid\u00e9 kupovali p\u0159\u00edmo ze dvora anebo se velk\u00e1 \u010d\u00e1st produkce prod\u00e1vala nap\u0159\u00edklad na farm\u00e1\u0159sk\u00fdch trz\u00edch. K\u00a0tomu je pr\u00e1v\u011b lep\u0161\u00ed zm\u00edn\u011bn\u00e1 rozdroben\u00e1 v\u00fdroba, men\u0161\u00ed firmy, co\u017e pak vytv\u00e1\u0159\u00ed tu akceschopnost a pru\u017enost zem\u011bd\u011blsk\u00e9 v\u00fdroby<\/p>\n<p>Na Rakousku je to kr\u00e1sn\u011b vid\u011bt, da\u0159\u00ed se to i Pol\u00e1k\u016fm a Ma\u010far\u016fm. Na\u0161e strnul\u00e1 velkov\u00fdroba je schopn\u00e1 jen vyp\u011bstovat prvoprodukty, co\u017e je nepru\u017en\u00e9 a ne p\u0159\u00edli\u0161 konkurenceschopn\u00e9. Proto se tak\u00e9 za\u010dalo mluvit o potravinov\u00e9 sob\u011bsta\u010dnosti a nap\u0159\u00edklad v\u00a0r\u00e1mci novely z\u00e1kona o dvoj\u00ed kvalit\u011b potravin se objevila skupina poslanc\u016f, kte\u0159\u00ed cht\u011bj\u00ed, aby 85 procent prod\u00e1van\u00fdch produkt\u016f v\u00a0supermarketech bylo \u010desk\u00e9ho p\u016fvodu.<\/p>\n<p><strong>Je to mo\u017en\u00e9?<\/strong><\/p>\n<p>Ot\u00e1zka je, jak by toto pro\u0161lo v\u00a0r\u00e1mci legislativy Evropsk\u00e9 unie. Za prv\u00e9 zde m\u00e1me voln\u00fd trh, a druh\u00e1 v\u011bc je, \u017ee by to bylo nebylo ve prosp\u011bch spot\u0159ebitele, ale ve prosp\u011bch velk\u00fdch potravin\u00e1\u0159sk\u00fdch v\u00fdrobc\u016f, kte\u0159\u00ed by si t\u00edm zajistili jakousi formu monopolu.<\/p>\n<p>Ale kdy\u017e si pojedu nakoupit t\u0159eba do \u00dast\u00ed nad Labem a v\u00a0obchod\u011b bude v\u00fdrobek z\u00a0Olomouce, tak jde o\u00a0mnohem v\u011bt\u0161\u00ed d\u00e1lku, ne\u017e kdy\u017e ho p\u0159ivezete z\u00a0Dr\u00e1\u017e\u010fan. My samoz\u0159ejm\u011b v ekologick\u00e9 rovin\u011b nechceme, aby se p\u0159ev\u00e1\u017eely potraviny a produkty p\u0159\u00edli\u0161 na d\u00e1lku, ale ve zm\u00edn\u011bn\u00e9m p\u0159\u00edkladu je tedy lep\u0161\u00ed je p\u0159iv\u00e9zt z\u00a0Dr\u00e1\u017e\u010fan ne\u017e od P\u0159erova nebo z\u00a0Brna.<\/p>\n<p>Prost\u011b smyslupln\u011b \u2013 aby \u0161lo o podporu <em>lok\u00e1ln\u00edch<\/em> producent\u016f, kter\u00fdm se budeme sna\u017eit zabezpe\u010dit co nejlep\u0161\u00ed legislativu i motiva\u010dn\u00ed podm\u00ednky k\u00a0tomu, aby byli co nejv\u00edc motivov\u00e1ni vyr\u00e1b\u011bt v\u00fdrobky z\u00a0toho, co produkuj\u00ed na sv\u00fdch zem\u011bd\u011blsk\u00fdch ploch\u00e1ch. Aby se sna\u017eili je pak prodat ve sv\u00e9m m\u00edst\u011b a lid\u00e9 si navykli od nich kupovat, tedy lok\u00e1ln\u011b, v\u00a0m\u00edst\u011b bydli\u0161t\u011b. N\u00e1dhern\u011b to funguje pr\u00e1v\u011b v\u00a0Rakousku, kde v\u011bt\u0161inu rozprodaj\u00ed v\u00a0m\u00edst\u011b a co maj\u00ed nav\u00edc, pak \u00fasp\u011b\u0161n\u011b vyv\u00e1\u017eej\u00ed.<\/p>\n<p>N\u00e1vaznost m\u00e1 pak je\u0161t\u011b <strong><em>potravinov\u00e1 bezpe\u010dnost<\/em><\/strong>, kter\u00e1 je je\u0161t\u011b tro\u0161i\u010dku o n\u011b\u010dem jin\u00e9m ne\u017e potravinov\u00e1 sob\u011bsta\u010dnost, by\u0165 se v\u00a0souvislosti s\u00a0n\u00ed zmi\u0148uje.<\/p>\n<p><em>\u201eP\u0159ehnali jsme spole\u010dn\u011b st\u00e1do krav z jedn\u00e9 pastviny na druhou, uk\u00e1zali jsme si v lese, jak se v\u011b\u0161\u00ed pta\u010d\u00ed budky jako jedna z forem biologick\u00e9 ochrany lesa, jak se d\u00e1 les p\u011bstovat p\u0159\u00edrod\u011b bl\u00edzk\u00fdm v\u00fdb\u011brn\u00fdm zp\u016fsobem hospoda\u0159en\u00ed a tak\u00e9 \u0161kody zp\u016fsoben\u00e9 sp\u00e1rkatou zv\u011b\u0159\u00ed na lesn\u00ed obnov\u011b.\u201c\u00a0 Takto vypadaj\u00ed exkurze u mile\u0161ovsk\u00e9ho sedl\u00e1ka (foto: Daniel Pitek).<\/em><\/p>\n<p><strong>To m\u00e1me ch\u00e1pat tedy p\u0159esn\u011b jak?<\/strong><\/p>\n<p>M\u016f\u017ee nap\u0159\u00edklad p\u0159ij\u00edt dal\u0161\u00ed koronavirov\u00e1 krize, m\u016f\u017ee p\u0159ij\u00edt v\u00e1lka nebo jak\u00e1koli krize, kdy nebude mo\u017en\u00e9 vozit potraviny na v\u011bt\u0161\u00ed vzd\u00e1lenosti. V\u00a0ten moment bychom m\u011bli b\u00fdt schopni vyr\u00e1b\u011bt, co pot\u0159ebujeme k\u00a0\u017eivotu, abychom mohli \u017e\u00edt a p\u0159e\u017e\u00edt.<\/p>\n<p>Zaji\u0161t\u011bn\u00ed potravinov\u00e9 bezpe\u010dnosti ch\u00e1pu, \u017ee si udr\u017eujeme krajinu a zem\u011bd\u011blsk\u00e9 plochy v\u00a0\u017eivotaschopn\u00e9 a plodn\u00e9 \u00farovni, abychom v\u011bd\u011bli, \u017ee na\u0161e p\u016fda je schopn\u00e1 produkovat \u2013 \u017ee neztrat\u00ed svou schopnost, \u017ee nezdegradovala a neskon\u010dila mo\u017enost v\u00fdnos\u016f, kter\u00e9 pot\u0159ebujeme.<\/p>\n<p>Proto se mus\u00edme starat, aby p\u016fda a krajina byla \u017eiv\u00e1. Aby ve chv\u00edli, kdyby nastal probl\u00e9m, jsme byli schopni na n\u00ed vyp\u011bstovat v\u0161e z\u00e1sadn\u00ed. Jen\u017ee hospoda\u0159en\u00ed na velk\u00fdch ploch\u00e1ch, kter\u00e9 p\u0159eva\u017euje, po\u0161kozuje p\u016fdu, p\u016fsob\u00ed erozi jak v\u011btrnou, tak vodn\u00ed \u2013 tedy po\u0161kozuje potravinovou bezpe\u010dnost.<\/p>\n<p><strong>Do sen\u00e1torsk\u00e9 kancel\u00e1\u0159e by za v\u00e1mi mnoz\u00ed chodili s\u00a0prosbou o radu. Ohledn\u011b zadr\u017eov\u00e1n\u00ed vody v\u00a0krajin\u011b spustila vl\u00e1da dota\u010dn\u00ed program De\u0161\u0165ovka. Je to prosp\u011b\u0161n\u00e1 v\u011bc nebo je jin\u00fd zp\u016fsob, kter\u00fd byste lidem s\u00a0rodinn\u00fdmi domy doporu\u010dil?<\/strong><\/p>\n<p>\u0158eknu to takto: Samoz\u0159ejm\u011b ka\u017ed\u00e1 v\u011bc, kterou m\u016f\u017eete ud\u011blat, a jak\u00e1koli aktivita, kterou vyvinete, abyste se dok\u00e1zala se suchem vypo\u0159\u00e1dat, je d\u016fle\u017eit\u00e1. I De\u0161\u0165ovka.<\/p>\n<p>Je mimo jin\u00e9 i d\u016fle\u017eit\u00fdm propaga\u010dn\u00edm n\u00e1strojem, d\u00edky n\u011bmu\u017e si lid\u00e9 uv\u011bdom\u00ed, \u017ee zde probl\u00e9m existuje. Spousta lid\u00ed pochopiteln\u011b toti\u017e dopady \u00fapln\u011b nevn\u00edm\u00e1. A kdy\u017e je zle a nastanou velk\u00e9 nesn\u00e1ze, jsou najednou velmi p\u0159ekvapen\u00ed, \u017ee m\u00e1me n\u011bjak\u00fd probl\u00e9m.<\/p>\n<p>Na druhou stranu \u2013 pokud by na\u0161\u00edm opat\u0159en\u00edm proti suchu byla p\u0159edev\u0161\u00edm De\u0161\u0165ovka, tak je to legra\u010dn\u00ed, proto\u017ee jde o opat\u0159en\u00ed asi tak, jako kdyby proti v\u00e1m jel tank a vy jste na n\u011bj vyt\u00e1hla pistoli a cht\u011bla se ubr\u00e1nit. Podobn\u011b \u00fa\u010dinn\u00e1 je De\u0161\u0165ovka v r\u00e1mci cel\u00e9ho boje se suchem. Je pot\u0159eba mnohem v\u00edc\u2026<\/p>\n<p><strong>Co je tedy nejz\u00e1sadn\u011bj\u0161\u00ed a co budete prosazovat?<\/strong><\/p>\n<p>Nejz\u00e1sadn\u011bj\u0161\u00ed je adaptace samotn\u00e9 krajiny a zm\u011bna hospoda\u0159en\u00ed v\u00a0n\u00ed. Znamen\u00e1 to diverzifikovat krajinu, aby se stala pest\u0159ej\u0161\u00ed, nedominovaly v n\u00ed velk\u00e9 jednolit\u00e9 celky. Aby nechyb\u011bla organick\u00e1 hmota v\u00a0p\u016fd\u011b, kter\u00e9 se j\u00ed te\u010f nedost\u00e1v\u00e1 a vymizely i mikroorganismy \u2013 ty \u00a0pr\u00e1v\u011b v\u00a0p\u016fd\u011b pracuj\u00ed a vytv\u00e1\u0159ej\u00ed fyzik\u00e1ln\u00ed vlastnosti, kter\u00e9 umo\u017e\u0148uj\u00ed, aby p\u016fda byla schopn\u00e1 absorbovat vodu po de\u0161ti. Vytv\u00e1\u0159ej\u00ed p\u00f3rovitost p\u016fdy, d\u00edky \u010demu\u017e ona nas\u00e1kne vodu.<\/p>\n<p>A pokud mikroorganismy chyb\u00ed, je p\u016fda p\u0159\u00edli\u0161 kompaktn\u00ed a nejsou v\u00a0n\u00ed p\u00f3ry. De\u0161t\u011b z\u00a0n\u00ed pak ste\u010dou stejn\u011b, jako ste\u010dou po asfaltu. Zvl\u00e1\u0161t\u011b kdy\u017e p\u016fdu je\u0161t\u011b udus\u00e1 t\u011b\u017ek\u00e1 zem\u011bd\u011blsk\u00e1 technika, kter\u00e1 po n\u00ed jezd\u00ed.<\/p>\n<p>Samoz\u0159ejm\u011b je vhodn\u00e1 spousta krajinn\u00fdch prvk\u016f \u2013 r\u016fzn\u00e9 mok\u0159\u00e1dky, t\u016fn\u011b, meze, zasakovac\u00ed p\u0159\u00edkopy, stromy, ke\u0159e\u2026 Velkou funkci budou m\u00edt agrolesnick\u00e9 syst\u00e9my, kter\u00e9 se na z\u00e1pad\u011b pou\u017e\u00edvaj\u00ed a u n\u00e1s st\u00e1le ne.<\/p>\n<p><em>Daniel Pitek ukazuje r\u00e1d ve\u0159ejnosti t\u0159eba takov\u00e9to sn\u00edmky, kter\u00e9 ukazuj\u00ed v\u00fdsledky jeho \u201ekrajinotvorby\u201c, kdy sv\u00e9 pozemky \u0161perkuje mno\u017estv\u00edm pestr\u00fdch vodn\u00edch prvk\u016f.<\/em><\/p>\n<p>Velk\u00e1 pole se jednodu\u0161e daj\u00ed p\u0159ed\u011blit alejemi strom\u016f, a ony u\u017e pom\u00e1haj\u00ed zabra\u0148ovat vodn\u00ed erozi, v\u011btrn\u00e9 erozi. Pom\u00e1haj\u00ed ochlazovat mikroklima a zadr\u017eovat vodu, kter\u00e1 v\u00a0m\u00edst\u011b napr\u0161\u00ed. Tohle v\u0161e je mo\u017en\u00e9 ud\u011blat.Samoz\u0159ejm\u011b dal\u0161\u00edm opat\u0159en\u00edm v\u00a0r\u00e1mci adaptace krajiny v r\u00e1mci klimatick\u00e9 zm\u011bny je snaha sni\u017eovat emise sklen\u00edkov\u00fdch plyn\u016f. A kdy\u017e vezmu sou\u010dasnou vl\u00e1du, kter\u00e1 tedy p\u0159i\u0161la s\u00a0De\u0161\u0165ovkou\u2026 Na druhou stranu v\u00a0minul\u00e9m obdob\u00ed se prolomily limity pro t\u011b\u017ebu hn\u011bd\u00e9ho uhl\u00ed a te\u010f \u010cEZ prodal Po\u010derady firm\u011b pana Tyka\u010de, kter\u00fd tam d\u00e1l bude spalovat hn\u011bd\u00e9 uhl\u00ed, co\u017e je velk\u00e1 produkce oxidu uhli\u010dit\u00e9ho\u2026<\/p>\n<p>\u010cetl jsem, \u017ee Po\u010derady vyprodukuj\u00ed tolik oxidu uhli\u010dit\u00e9ho jako v\u0161echna n\u00e1kladn\u00ed auta v\u00a0\u010cesk\u00e9 republice.<\/p>\n<p>To jsou velmi nevyrovnan\u00e9 v\u011bci, kdy\u017e na jednu stranu p\u0159ijdeme s De\u0161\u0165ovkou, abychom bojovali se suchem, ale na druhou stranu spoustu v\u011bc\u00ed, kter\u00e9 bychom m\u011bli d\u011blat \u2013 a to t\u011bch z\u00e1sadn\u00edch (De\u0161\u0165ovka je jen dopl\u0148kov\u00e1 stejn\u011b jako p\u0159ehrady), tak ty u\u017e ned\u011bl\u00e1me\u2026<\/p>\n<p><strong>Jak je mo\u017en\u00e9, \u017ee jsme do takov\u00e9ho stavu v\u016fbec dosp\u011bli? V\u017edy\u0165 u\u017e hodn\u011b d\u00e1vno p\u0159ed revoluc\u00ed tohle fungovalo \u2013 fungovali sedl\u00e1ci, farmy, pak se najednou nesmysln\u011b narovn\u00e1vala koryta \u0159ek a dnes je pot\u0159ebujeme navracet p\u0159irozen\u00e9ho stavu s meandry, pak \u201eka\u017ed\u00e1 vesnice m\u011bla JZD\u201c\u2026<\/strong><\/p>\n<p>P\u0159ed revoluc\u00ed to nefungovalo, to jsme \u010dasov\u011b n\u011bkde jinde. Krajina byla v\u00a0ide\u00e1ln\u00edm stavu je\u0161t\u011b asi n\u011bkdy po druh\u00e9 sv\u011btov\u00e9 v\u00e1lce do 50. let minul\u00e9ho stolet\u00ed.<\/p>\n<p>V\u00a0dob\u011b, kdy do\u0161lo k\u00a0p\u0159etr\u017een\u00ed kontinuity zem\u011bd\u011blsk\u00e9ho hospoda\u0159en\u00ed v\u00a0 tradi\u010dn\u00edch hospod\u00e1\u0159stv\u00edch, tak sedl\u00e1ci, kte\u0159\u00ed na pozemku p\u016fsobili cel\u00e9 roky, je p\u0159ed\u00e1vali z\u00a0generace na generaci \u2013 z\u00a0d\u011bda na otce a z\u00a0otce na syna.<\/p>\n<p>Tam potom vznikla JZD a st\u00e1tn\u00ed statky. Za\u010dalo se hospoda\u0159it velkoplo\u0161n\u011b intenzivn\u00edm zp\u016fsobem, kdy oni zm\u011bnili tv\u00e1\u0159 krajiny, jej\u00ed strukturu. Jej\u00ed pestrost t\u00edm zlikvidovali a krajina za\u010dala b\u00fdt f\u00e1dn\u00ed.<\/p>\n<p><strong>\u2026ano, vybavuji si vykonstruovan\u00e9 procesy se sedl\u00e1ky a vyh\u00e1n\u011bn\u00ed z jejich pozemk\u016f\u2026<\/strong><\/p>\n<p>\u2026 a to bylo za komunismu. K\u00a0tomu pr\u00e1v\u011b na Z\u00e1pad\u011b nedo\u0161lo, proto\u017ee se tam dlouhodob\u011b dr\u017e\u00ed tradice, kdy hospoda\u0159\u00ed rodinn\u00e9 farmy. Proto kdy\u017e se pod\u00edv\u00e1te na leteckou mapu na \u010cR, tak vid\u00edte velk\u00e9 celky, ne moc mozaikovit\u00e9. Zato Raku\u0161\u00e1ci tam maj\u00ed spoustu mal\u00fdch \u201eprou\u017ek\u016f\u201c a mal\u00fdch pol\u00ed\u010dek. Kdy\u017e si vezmete, \u017ee v\u00a0Rakousku se na 80 procentech orn\u00e9 p\u016fdy hospoda\u0159\u00ed na pol\u00edch do dvou hektar\u016f velikosti, tak jasn\u011b vid\u00edte rozd\u00edl.<\/p>\n<p>Bohu\u017eel za\u010d\u00e1tek destrukce \u010desk\u00e9 krajiny spad\u00e1 pr\u00e1v\u011b do doby socialismu za vl\u00e1dy komunist\u016f. Alarmuj\u00edc\u00ed je, \u017ee m\u00e1me v\u00edce ne\u017e 30 let po p\u0159evratu, kdy m\u011bl socialistick\u00fd syst\u00e9m b\u00fdt pry\u010d, a nebyli jsme schopni dosud zem\u011bd\u011blstv\u00ed restrukturalizovat.<\/p>\n<p>Nad\u00e1le zde p\u016fsob\u00ed velk\u00e9 podniky a pr\u00e1v\u011b JZD, st\u00e1tn\u00ed statky, kter\u00e9 se hodn\u011b p\u0159etransformovaly do r\u016fzn\u00fdch akciov\u00fdch spole\u010dnost\u00ed a hospoda\u0159\u00ed bohu\u017eel st\u00e1le stejn\u00fdm nebo podobn\u00fdm zp\u016fsobem jako za socialismu.<\/p>\n<p>Naopak se to i zhor\u0161ilo, proto\u017ee nap\u0159\u00edklad v\u00a080. letech p\u011bstovali hodn\u011b p\u00edcnin na pol\u00edch, m\u011bli dostatek dobytka, co\u017e oproti socialismu nyn\u00ed je\u0161t\u011b ubylo.<\/p>\n<p><strong>Ano, to jsem trochu m\u011bla na mysli\u2026<\/strong><\/p>\n<p>Dneska se p\u011bstuj\u00ed \u010dty\u0159i nejekonomi\u010dt\u011bj\u0161\u00ed plodiny, co\u017e je p\u0161enice \u2013 jak ozim\u00e1, tak jarn\u00ed, potom je\u010dmen \u2013 v\u011bt\u0161inou sladovnick\u00fd, kuku\u0159ice a \u0159epka. A chyb\u00ed organick\u00e1 hmota, proto\u017ee nem\u00e1me zdaleka tolik dobytka, aby se dostal do p\u016fdy dostatek chl\u00e9vsk\u00e9 mrvy.<\/p>\n<p>Mimoto nevyu\u017e\u00edv\u00e1me zelen\u00e9 hnojen\u00ed, co\u017e jsou meziplodiny: osevn\u00ed postup neprob\u00edh\u00e1, jak by m\u011bl \u2013 tedy \u017ee se plodiny vhodn\u011b st\u0159\u00eddaj\u00ed a ponech\u00e1v\u00e1 se \u00fahor (\u010d\u00e1st pole le\u017e\u00ed do\u010dasn\u011b ladem a tyto \u010d\u00e1sti se cyklicky st\u0159\u00eddaj\u00ed). Dnes se takto nepostupuje, p\u011bstuj\u00ed se jen tr\u017en\u00ed plodiny.<\/p>\n<p><strong>Tomu se \u0159\u00edk\u00e1 \u201ed\u016fsledek kapitalismu\u201c, bohu\u017eel\u2026<\/strong><\/p>\n<p>Ale kdy\u017e se pod\u00edv\u00e1te do \u0159ady zem\u00ed, kdy kapitalismus nikdy nebyl p\u0159eru\u0161en, nikdy tam nem\u011bli komunisty a socialismus, tak tam kapitalismus v\u00a0zem\u011bd\u011blstv\u00ed funguje trochu jinak. S\u00a0rozmyslem.<\/p>\n<p><strong>To m\u00e1te pravdu. <\/strong><\/p>\n<p>Samoz\u0159ejm\u011b \u017ee legitimn\u00edm c\u00edlem podnik\u00e1n\u00ed je vytvo\u0159it zisk a podnikatel\u00e9 se sna\u017e\u00ed jej m\u00edt co mo\u017eno nejvy\u0161\u0161\u00ed.<\/p>\n<p><strong>U n\u00e1s se zapomn\u011blo, \u017ee zem\u011bd\u011blstv\u00ed je podnik\u00e1n\u00ed na p\u016fd\u011b, tedy na n\u011b\u010dem, co zem\u011bd\u011bl\u0161t\u00ed podnikatel\u00e9 nevytvo\u0159ili, ale m\u00e1 to slou\u017eit v\u0161em\u2026 Zem\u011bd\u011blsk\u00e9 podnik\u00e1n\u00ed je z\u00e1rove\u0148 ve\u0159ejn\u00e1 slu\u017eba, \u017ee ano?<\/strong><\/p>\n<p>Pokud podnik\u00e1te v\u00a0r\u00e1mci zem\u011bd\u011blstv\u00ed nebo lesnictv\u00ed, mus\u00edte br\u00e1t na z\u0159etel, \u017ee podnik\u00e1te s\u00a0\u017eiv\u00fdm prost\u0159ed\u00edm, tud\u00ed\u017e mus\u00ed j\u00edt sp\u00ed\u0161e o <em>hospoda\u0159en\u00ed<\/em> a nelze se zam\u011b\u0159it na maxim\u00e1ln\u00ed zisk v\u00a0konkr\u00e9tn\u00edm roce. Mus\u00edte jej rozlo\u017eit na dlouh\u00e9 obdob\u00ed, postupn\u011b si br\u00e1t jen n\u011bjak\u00fd p\u0159ijateln\u00fd \u201edes\u00e1tek\u201c, abyste si nezni\u010dili \u201ev\u00fdrobn\u00ed n\u00e1stroj\u201c, kter\u00fd v\u00e1m zisky p\u0159in\u00e1\u0161\u00ed.<\/p>\n<p>Krajina, \u017eiv\u00e1 p\u016fda, \u017eivotn\u00ed prost\u0159ed\u00ed \u2013 kdy\u017e je zni\u010d\u00edte, tak v\u00e1m prost\u011b pak \u017e\u00e1dn\u00fd zisk p\u0159in\u00e1\u0161et nebude.<\/p>\n<p>Podobn\u00e9 je lesnictv\u00ed. Kdy\u017e vlastn\u00edte les, tak\u00e9 jej nem\u016f\u017eete cel\u00fd pok\u00e1cet a vyprodat v\u0161echno d\u0159\u00edv\u00ed, kter\u00e9 z\u00a0n\u011bj v\u00a0danou chv\u00edli m\u00e1te. Ka\u017ed\u00fd rok m\u016f\u017eete vyt\u011b\u017eit pouze tolik, kolik v\u00e1m p\u0159iroste. Kdy\u017e v\u00edm, \u017ee m\u00e1m nap\u0159\u00edklad tis\u00edc hektar\u016f lesa a ka\u017ed\u00fd rok mi p\u0159irostou \u010dty\u0159i kub\u00edky d\u0159eva na hektar, tak ro\u010dn\u011b, abych les nepo\u0161kodil, mohu pok\u00e1cet maxim\u00e1ln\u011b \u010dty\u0159i tis\u00edce kub\u00edk\u016f d\u0159eva.<\/p>\n<p>Kdy\u017e pok\u00e1c\u00edm v\u00edc, u\u017e do lesn\u00edho prost\u0159ed\u00ed zasahuji nep\u0159im\u011b\u0159en\u00fdm zp\u016fsobem.<\/p>\n<p><strong>V\u00a0na\u0161\u00ed rodin\u011b m\u00e1me rovn\u011b\u017e kus lesa jako sou\u010d\u00e1st pozemku a te\u010f se t\u011b\u017e\u00ed v\u00a0podstat\u011b \u201ejen\u201c to, co je po\u0161kozen\u00e9 k\u016frovcem. Nem\u00edv\u00e1te pocit, \u017ee \u0159ady zm\u011bn si v\u0161imnou v\u00edce lid\u00e9 pr\u00e1v\u011b na vesnici ne\u017e ve m\u011bst\u011b?<\/strong><\/p>\n<p>To ano, ale dneska si p\u0159\u00edrodn\u00edch zm\u011bn u\u017e v\u0161\u00edmaj\u00ed i naprost\u00ed laici.<\/p>\n<p>Pokud je les pod\u00e9l silnice n\u011bkde, kudy lid\u00e9 jezd\u00ed t\u0159eba na chatu, u\u017e samoz\u0159ejm\u011b vid\u00ed: Kdy\u017e jdou na houby a les je \u201ese\u017eran\u00fd\u201c od k\u016frovce.<\/p>\n<p>Stromy jsou kv\u016fli n\u011bmu oslaben\u00e9 a nedok\u00e1\u017eou se mu v sou\u010dasn\u00e9m suchu br\u00e1nit. K\u016frovci naopak sucho a teplo vyhovuje a zvl\u00e1dne roz\u0161\u00ed\u0159it za rok v\u00edc generac\u00ed ne\u017e v\u00a0d\u0159\u00edv\u011bj\u0161\u00edch podm\u00ednk\u00e1ch.<\/p>\n<p>To vid\u00ed v\u0161ichni. A \u017ee se sn\u00ed\u017e\u00ed produkce, proto\u017ee se periodicky nest\u0159\u00eddaj\u00ed zlep\u0161uj\u00edc\u00ed plodiny, a \u017ee nen\u00ed dostatek vody, to u\u017e dnes vid\u00ed tak\u00e9 v\u0161ichni. Nebo \u017ee studna je pr\u00e1zdn\u00e1 a vyschl potok. Jde o sign\u00e1ly, kter\u00fdch si v\u0161imne i naprost\u00fd laik.<\/p>\n<p><strong>V\u00a0lo\u0148sk\u00e9m roce se konala \u0159ada akc\u00ed v\u00a0souvislosti s\u00a0klimatickou zm\u011bnou \u2013 i \u010de\u0161t\u00ed mlad\u00ed lid\u00e9 se zapojili do kampan\u00ed spojen\u00fdch s \u201epov\u011bstnou\u201c Gretou Thunberg. Co byste poradil mlad\u00fdm: K \u010demu se maj\u00ed p\u0159imknout, co podpo\u0159it, do \u010deho se smyslupln\u011b zapojit, cht\u011bj\u00ed-li k n\u00e1prav\u011b p\u0159isp\u011bt a nev\u00ed jak, a je\u0161t\u011b nav\u00edc jsou t\u0159eba z\u00a0m\u011bsta?<\/strong><\/p>\n<p>Mysl\u00edm, \u017ee hlavn\u011b mohou zm\u011bnit zp\u016fsob \u017eivota. Za\u010dnou \u017e\u00edt tak, aby zm\u011bnili nep\u0159\u00edzniv\u00e9 n\u00e1vyky a \u017eili stylem, kter\u00fd je lep\u0161\u00ed pro spole\u010dnost i krajinu. Nap\u0159\u00edklad se sna\u017e\u00edme p\u0159ech\u00e1zet na \u201e\u010dist\u00e9 technologie\u201c \u2013 lid\u00e9 up\u0159ednostn\u00ed tepeln\u00e1 \u010derpadla, aby nezat\u011b\u017eovali p\u0159\u00edli\u0161 \u017eivotn\u00ed prost\u0159ed\u00ed, a podobn\u011b. Aby m\u011bli auta, kter\u00e1 neprodukuj\u00ed tolik emis\u00ed \u2013 mnoho \u0159idi\u010d\u016f dnes p\u0159ech\u00e1z\u00ed na kombinovan\u00e9 motory, takzvan\u00e9 hybridy.<\/p>\n<p>Samoz\u0159ejm\u011b by m\u011b t\u011b\u0161ilo, kdyby se sna\u017eili vstoupit do zem\u011bd\u011blsk\u00e9ho hospoda\u0159en\u00ed \u2013 v\u00a0tom by jim pr\u00e1v\u011b m\u011bl pomoci st\u00e1t, aby jim poskytl motiva\u010dn\u00ed podm\u00ednky, \u017ee budou cht\u00edt a tak\u00e9 budou m\u00edt mo\u017enost.<\/p>\n<p><strong>Mo\u017enost v\u00a0tom smyslu, \u017ee je t\u011b\u017ek\u00e9 sehnat volnou p\u016fdu?<\/strong><\/p>\n<p>Zn\u00e1m n\u011bkolik lid\u00ed, kte\u0159\u00ed se m\u011b ptali, \u017ee by r\u00e1di, ale nemaj\u00ed mo\u017enost pozemku. Za\u010d\u00edt dneska hospoda\u0159it ve st\u00e1vaj\u00edc\u00edch podm\u00ednk\u00e1ch nen\u00ed v\u016fbec jednoduch\u00e9, proto\u017ee proti nim stoj\u00ed velk\u00e1 konkurence agr\u00e1rn\u00edch podnik\u016f, kter\u00e9 maj\u00ed propachtovanou v\u011bt\u0161inu zem\u011bd\u011blsk\u00e9 p\u016fdy. Kdo chce za\u010d\u00edt, nem\u00e1 se v\u00a0podstat\u011b jak k\u00a0p\u016fd\u011b dostat.<\/p>\n<p>Tohle v\u0161echno by se m\u011blo zm\u011bnit. Pr\u00e1v\u011b i proto, aby byl prostor tak\u00e9 pro mlad\u00e9 lidi.<\/p>\n<p>\u010cinnost v\u00a0r\u016fzn\u00fdch aktivistick\u00fdch skupin\u00e1ch je samoz\u0159ejm\u011b rovn\u011b\u017e d\u016fle\u017eit\u00e1, ale i jejich p\u0159\u00edstup v\u00a0r\u00e1mci voleb: Podporovat politick\u00e9 strany, kter\u00e9 se sna\u017e\u00ed s\u00a0t\u00edmto neblah\u00fdm stavem n\u011bco doopravdy ud\u011blat, aktivn\u011b, a ne t\u00e9ma jen vyu\u017e\u00edvat jako \u201ep\u00ed \u00e1r\u201c.<\/p>\n<p><strong>Vy se chcete zab\u00fdvat i nep\u0159\u00edmo zem\u011bd\u011blsk\u00fdmi t\u00e9maty, by\u0165 t\u00e9ma podpory st\u0159edn\u00edho a drobn\u00e9ho podnik\u00e1n\u00ed s\u00a0n\u00edm \u00fazce souvis\u00ed. Zaj\u00edm\u00e1 v\u0161ak samoz\u0159ejm\u011b mnohem \u0161ir\u0161\u00ed skupinu voli\u010d\u016f. Ve va\u0161em programu do sen\u00e1torsk\u00fdch voleb m\u00e1te uveden nap\u0159\u00edklad bod \u201esn\u00ed\u017een\u00ed zdan\u011bn\u00ed pr\u00e1ce\u201c \u2013 co t\u00edm p\u0159esn\u011b mysl\u00edte a pro\u010d?<\/strong><\/p>\n<p>Je to jednoduch\u00e9. Kdy\u017e dneska na hlavn\u00ed pracovn\u00ed pom\u011br zam\u011bstn\u00e1te \u010dlov\u011bka, kter\u00fd v\u00e1s n\u00e1kladov\u011b vyjde na 40 tis\u00edc korun m\u011bs\u00ed\u010dn\u011b, dostane na ruku n\u011bco p\u0159es dvacet tis\u00edc. Zdravotn\u00ed a soci\u00e1ln\u00ed odvody a da\u0148 je tak velk\u00e9 da\u0148ov\u00e9 b\u0159\u00edm\u011b, \u017ee je to jedno z\u00a0nejv\u011bt\u0161\u00edch zat\u00ed\u017een\u00ed pr\u00e1ce v\u00a0Evropsk\u00e9 unii.<\/p>\n<p>Pak se kritizuje, \u017ee zde buj\u00ed \u0161varcsyst\u00e9m\u2026 Ale kdy\u017e si vezmete sn\u011bmovnu, tak asistenti poslanc\u016f funguj\u00ed na \u0161varcsyst\u00e9m! M\u00edsto abychom si lhali do kapsy, je lep\u0161\u00ed b\u00fdt sami k\u00a0sob\u011b up\u0159\u00edmn\u00ed a nastavit pravidla, aby se lidem \u2013 jak zam\u011bstnanc\u016fm, tak zam\u011bstnavatel\u016fm \u2013 vyplatilo je dodr\u017eovat a nab\u00edzet \u00favazky na hlavn\u00ed pom\u011br. Kdy\u017e je zam\u011bstn\u00e1v\u00e1n\u00ed p\u0159esp\u0159\u00edli\u0161 zat\u00ed\u017eeno dan\u011bmi, sna\u017e\u00ed se je pochopiteln\u011b n\u011bkte\u0159\u00ed obch\u00e1zet.<\/p>\n<p>Celkov\u011b podpora drobn\u00e9ho podnik\u00e1n\u00ed je u n\u00e1s mal\u00e1. V\u011bc, kter\u00e1 mi hodn\u011b vad\u00ed, je elektronick\u00e1 evidence tr\u017eeb. Je podle m\u011b \u00fapln\u011b nesmysln\u00e1. Ukazuje se to nyn\u00ed i v\u00a0r\u00e1mci opat\u0159en\u00ed kv\u016fli COVID-19. \u0160lo o prvn\u00ed v\u011bc, kter\u00e1 byla zru\u0161en\u00e1.<\/p>\n<p><strong>Vy jste proti EET protestoval v\u00fdrazn\u011b <em>(zav\u0159el kv\u016fli n\u00ed i hospodu, kterou p\u0159evzal po p\u0159ede\u0161l\u00e9m provozovateli, jen\u017e kon\u010dil se ztr\u00e1tami. Pohostinstv\u00ed nechala kdysi vybudovat obec Velem\u00edn v\u00a0objektu b\u00fdval\u00e9 arm\u00e1dn\u00ed ubytovny)<\/em>\u2026<\/strong><\/p>\n<p>\u2026M\u011b dokonce ministerstvo financ\u00ed vyzvalo, abych se setkal s\u00a0ministrem, co\u017e byl tenkr\u00e1t Andrej Babi\u0161. Sed\u011bl jsem s\u00a0n\u00edm p\u0159es dv\u011b hodiny v\u00a0Litv\u00ednov\u011b a dohadovali jsme se o EET. Oni nem\u011bli argumenty, nem\u011bli odpov\u011bdi na hromadu ot\u00e1zek, kter\u00e9 jsem jim pokl\u00e1dal.<\/p>\n<p>M\u016fj dojem byl, \u017ee cel\u00e9 EET vzniklo proto, aby z\u00edskali body u skupiny lid\u00ed, kter\u00fdm lze namluvit, \u017ee t\u00edmto zp\u016fsobem bojuj\u00ed proti mal\u00fdm a st\u0159edn\u00edm podnik\u016fm \u2013 \u017ee \u017eivnostn\u00edci jsou ti, kte\u0159\u00ed tady kradou a \u017eij\u00ed na \u00fakor ostatn\u00edch jako n\u011bjak\u00e9 pijavi\u010dky, p\u0159is\u00e1t\u00e9 na st\u00e1t. To samoz\u0159ejm\u011b nen\u00ed pravda, \u017ee ano. Naopak! Kdy\u017e funguje st\u0159edn\u00ed t\u0159\u00edda, pak se ekonomick\u00fd syst\u00e9m \u2013 pokud se j\u00ed da\u0159\u00ed \u2013 o ni op\u00edr\u00e1 nejv\u00edc.<\/p>\n<p>Velk\u00e9 podniky naopak, kdy\u017e sem p\u0159i\u0161ly, z\u00edsk\u00e1valy \u201eda\u0148ov\u00e9 pr\u00e1zdniny\u201c, r\u016fzn\u00e9 investi\u010dn\u00ed pob\u00eddky a pozemky za p\u00e1r korun. N\u011bkdy jsem a\u017e kroutil hlavou. A tohle drobn\u00ed podnikatel\u00e9 nedostali, ti se v\u017edy museli sami pr\u00e1t s\u00a0realitou. A je\u0161t\u011b se na n\u011b uval\u00ed elektronick\u00e1 evidence tr\u017eeb a spousta dal\u0161\u00ed byrokracie.<\/p>\n<p><strong>Jak\u00e9 hlavn\u00ed argumenty m\u00e1te proti EET?<\/strong><\/p>\n<p>EET je pro m\u011b nep\u0159ijateln\u00e1 proto, \u017ee firmy zat\u011b\u017euje zbyte\u010dn\u011b, tak\u00e9 ovliv\u0148uje jejich v\u00fdkon, proto\u017ee se n\u011bkdo mus\u00ed zab\u00fdvat t\u011bmi dal\u0161\u00edmi povinnostmi.<\/p>\n<p>Nav\u00edc lid\u00e9 ru\u010d\u00ed za p\u0159enos dat n\u011bjakou s\u00edt\u00ed, kter\u00e1 jim nepat\u0159\u00ed. To je vlastn\u011b \u0161\u00edlen\u00e9.<\/p>\n<p>A je\u0161t\u011b jedna d\u016fle\u017eit\u00e1 v\u011bc \u2013 j\u00e1 ten z\u00e1kon pova\u017euji za proti\u00fastavn\u00ed. I kdyby lid\u00ed, kte\u0159\u00ed nejsou schopni nebo ochotni splnit podm\u00ednky EET, bylo jen p\u00e1r, tak st\u00e1t je k\u00a0tomu nem\u016f\u017ee nutit.<\/p>\n<p><strong>Pro\u010d p\u0159esn\u011b? Mysl\u00edte kv\u016fli nutnosti internetu?<\/strong><\/p>\n<p>Pr\u00e1vo na ob\u017eivu je z\u00e1kladn\u00ed pr\u00e1vo ob\u010dan\u016f t\u00e9to zem\u011b. Jestli\u017ee n\u011bkdo neum\u00ed na po\u010d\u00edta\u010di nebo nen\u00ed on-line p\u0159ipojen\u00fd nebo toho nen\u00ed schopen \u2013 a takov\u00fdch lid\u00ed zn\u00e1m hodn\u011b, tesa\u0159i, zedn\u00edci a mnoz\u00ed dal\u0161\u00ed, kte\u0159\u00ed se dlouh\u00e9 roky \u017eiv\u00ed \u201esami na sebe\u201c, a p\u0159itom nikdy nem\u011bli zapnut\u00fd po\u010d\u00edta\u010d. Je jim t\u0159eba 60 let a ten sv\u016fj obor ale um\u00ed\u2026 Nen\u00ed d\u016fvod, pro\u010d by najednou museli b\u00fdt on-line, v\u00a0r\u00e1mci n\u011bjak\u00e9 technologie, kter\u00e9 nerozum\u011bj\u00ed, kter\u00e9 se boj\u00ed a kter\u00e1 jim vad\u00ed.<\/p>\n<p>Pak je zde je\u0161t\u011b druh\u00e1 skupina lid\u00ed, kter\u00e1 toto nen\u00ed ochotna d\u011blat z\u00a0n\u011bjak\u00fdch n\u00e1bo\u017eensk\u00fdch nebo n\u00e1zorov\u00fdch d\u016fvod\u016f. Nap\u0159\u00edklad v\u00a0Americe \u017eij\u00ed Ami\u0161ov\u00e9, kter\u00fdch je n\u011bkolik des\u00edtek tis\u00edc. Norm\u00e1ln\u011b podnikaj\u00ed, p\u0159esto\u017ee v\u00a0r\u00e1mci sv\u00e9 v\u00edry nepou\u017e\u00edvaj\u00ed automobily, elekt\u0159inu, po\u010d\u00edta\u010de\u2026 V\u0161e vyr\u00e1b\u011bj\u00ed ru\u010dn\u00edm n\u00e1\u0159ad\u00ed, sv\u00e9 produkty voz\u00ed v\u00a0povozech s\u00a0ko\u0148mi.<\/p>\n<p><em>(Maj\u00ed zak\u00e1z\u00e1no pou\u017e\u00edvat nap\u0159\u00edklad i telefon. Odm\u00edtaj\u00ed militarismus a n\u00e1sil\u00ed. \u017dij\u00ed na venkov\u011b, \u017eiv\u00ed se zem\u011bd\u011blstv\u00edm \u010di mal\u00fdm obchodov\u00e1n\u00edm a v\u00fdrobou n\u00e1bytku. Nep\u0159ij\u00edmaj\u00ed vl\u00e1dn\u00ed pomoc, jako\u017eto i poji\u0161t\u011bn\u00ed; o sv\u00e9 \u010dleny se spole\u010denstv\u00ed star\u00e1 po cel\u00fd \u017eivot. Plat\u00ed feder\u00e1ln\u00ed, st\u00e1tn\u00ed i m\u00edstn\u00ed dan\u011b s v\u00fdjimkou starobn\u00edho poji\u0161t\u011bn\u00ed.)<\/em><\/p>\n<p>Podobn\u00e9 skupiny, kter\u00e9 z\u00a0n\u00e1zorov\u00fdch d\u016fvod\u016f nepou\u017e\u00edvaj\u00ed modern\u00ed technologie, jsou i u n\u00e1s. T\u00edmto z\u00e1konem jsme dan\u00fdm lidem \u0159ekli: <em>My v\u00e1s pos\u00edl\u00e1me do ilegality. Proto\u017ee vy se tady nem\u016f\u017eete leg\u00e1ln\u011b \u017eivit<\/em>.<\/p>\n<p><strong>To je zaj\u00edmav\u00fd \u00fahel pohledu\u2026<\/strong><\/p>\n<p>A je to pravda a nikdo o tomto nemluvil. Kdy\u017e jsem toto Babi\u0161ovi a spol. \u0159\u00edkal, tak na m\u011b koukali, jako kdybych spadl z\u00a0oblak.<\/p>\n<hr \/>\n<p><em><strong>Daniel Pitek<\/strong> je mimo jin\u00e9 p\u0159edsedou hodnotic\u00ed komise Pestr\u00e1 krajina, kter\u00e1 ka\u017edoro\u010dn\u011b oce\u0148uje nej\u0161etrn\u011bj\u0161\u00ed statk\u00e1\u0159e z t\u00e9m\u011b\u0159 osmi tis\u00edc \u010dlen\u016f Asociace soukrom\u00e9ho zem\u011bd\u011blstv\u00ed \u010cR, d\u00e1le \u010dlenem republikov\u00e9 rady ASZ \u010cR a m\u00edstop\u0159edsedou oblastn\u00ed organizace ASZ \u010cR Litom\u011b\u0159icko. Je \u010dlenem \u010destn\u00e9 rady \u010cesk\u00e9ho svazu ochr\u00e1nc\u016f p\u0159\u00edrody a zased\u00e1 v rad\u00e1ch Agentury pro ochranu p\u0159\u00edrody a krajiny a Fakulty \u017eivotn\u00edho prost\u0159ed\u00ed na \u010cesk\u00e9 zem\u011bd\u011blsk\u00e9 univerzit\u011b v Praze. V roce 2016 obdr\u017eel ekologick\u00e9ho \u201e\u010cesk\u00e9ho lva\u201c \u2013 cenu Josefa Vavrou\u0161ka za sv\u016fj mimo\u0159\u00e1dn\u00fd p\u0159\u00ednos pro \u017eivotn\u00ed prost\u0159ed\u00ed.<\/em><\/p>\n<\/section>\n","protected":false},"excerpt":{"rendered":"<p>https:\/\/www.parlamentnilisty.cz\/arena\/monitor\/Zmrzacena-priroda-sucho-A-nase-potraviny-Vyvezeme-mleko-obili-a-zvirata-dovazime-hotove-vyrobky-Zato-Rakusane-Zkuseny-sedlak-to-chce-menit-v-Senatu-629685 08.07.2020 ROZHOVOR Jizvy, p\u016fsoben\u00e9 krajin\u011b a \u010desk\u00e9mu zem\u011bd\u011blstv\u00ed u\u017e za komunist\u016f, te\u010f dor\u00e1\u017e\u00ed klimatick\u00e1 zm\u011bna. Zem\u011bd\u011blec Daniel Pitek, kter\u00fd hospoda\u0159\u00ed na 600 hektarech v \u010cesk\u00e9m st\u0159edoho\u0159\u00ed, m\u011bn\u00ed zmrza\u010denou p\u0159\u00edrodu nejen sv\u00fdm p\u0159\u00edkladem: Chce b\u00fdt sly\u0161et jako sen\u00e1tor za \u201asuch\u00fd region\u2018. Se sedl\u00e1kem od Mile\u0161ovky jsme mluvili nejen o t\u016fn\u00edch a chl\u00e9vsk\u00e9 mrv\u011b. \u201ePijavi\u010dky p\u0159is\u00e1t\u00e9 na st\u00e1t?\u201c Vzpomn\u011bl, jak\u00fdm d\u016fvodem<\/p>\n","protected":false},"author":1,"featured_media":0,"comment_status":"open","ping_status":"open","sticky":false,"template":"","format":"standard","meta":{"_exactmetrics_skip_tracking":false,"_exactmetrics_sitenote_active":false,"_exactmetrics_sitenote_note":"","_exactmetrics_sitenote_category":0,"footnotes":""},"categories":[44,15,55,2,21,50,23,54],"tags":[],"class_list":["post-803","post","type-post","status-publish","format-standard","hentry","category-babis","category-cr","category-dotace","category-eu","category-lidovy-odpor","category-popelnice-eu","category-rozhovory","category-sobestacnost"],"_links":{"self":[{"href":"https:\/\/spdpraha.cz\/index.php?rest_route=\/wp\/v2\/posts\/803","targetHints":{"allow":["GET"]}}],"collection":[{"href":"https:\/\/spdpraha.cz\/index.php?rest_route=\/wp\/v2\/posts"}],"about":[{"href":"https:\/\/spdpraha.cz\/index.php?rest_route=\/wp\/v2\/types\/post"}],"author":[{"embeddable":true,"href":"https:\/\/spdpraha.cz\/index.php?rest_route=\/wp\/v2\/users\/1"}],"replies":[{"embeddable":true,"href":"https:\/\/spdpraha.cz\/index.php?rest_route=%2Fwp%2Fv2%2Fcomments&post=803"}],"version-history":[{"count":2,"href":"https:\/\/spdpraha.cz\/index.php?rest_route=\/wp\/v2\/posts\/803\/revisions"}],"predecessor-version":[{"id":805,"href":"https:\/\/spdpraha.cz\/index.php?rest_route=\/wp\/v2\/posts\/803\/revisions\/805"}],"wp:attachment":[{"href":"https:\/\/spdpraha.cz\/index.php?rest_route=%2Fwp%2Fv2%2Fmedia&parent=803"}],"wp:term":[{"taxonomy":"category","embeddable":true,"href":"https:\/\/spdpraha.cz\/index.php?rest_route=%2Fwp%2Fv2%2Fcategories&post=803"},{"taxonomy":"post_tag","embeddable":true,"href":"https:\/\/spdpraha.cz\/index.php?rest_route=%2Fwp%2Fv2%2Ftags&post=803"}],"curies":[{"name":"wp","href":"https:\/\/api.w.org\/{rel}","templated":true}]}}