{"id":824,"date":"2022-05-05T18:25:01","date_gmt":"2022-05-05T17:25:01","guid":{"rendered":"http:\/\/spdpraha.cz\/?p=824"},"modified":"2022-05-05T18:25:01","modified_gmt":"2022-05-05T17:25:01","slug":"foldyna-rusko-ukrajina-a-valka-vety-ktere-by-bez-poslanecke-imunity-nerekl","status":"publish","type":"post","link":"https:\/\/spdpraha.cz\/?p=824","title":{"rendered":"Foldyna \u2013 Rusko, Ukrajina a v\u00e1lka. V\u011bty, kter\u00e9 by bez poslaneck\u00e9 imunity ne\u0159ekl"},"content":{"rendered":"<section class=\"article-header\">\n<div class=\"row\">\n<div class=\"col-md-10\">\n<div class=\"time\">Vy\u0161lo 04.05.2022 na: https:\/\/www.parlamentnilisty.cz\/arena\/rozhovory\/Foldyna-Rusko-Ukrajina-a-valka-Vety-ktere-by-bez-poslanecke-imunity-nerekl-701013<\/div>\n<div class=\"time\">Rozhovor<\/div>\n<\/div>\n<\/div>\n<p class=\"brief\"><strong>Vl\u00e1da ob\u010dany odst\u0159ihla od informac\u00ed, dost\u00e1v\u00e1 se k n\u00e1m pouze jednostrann\u00e1 propaganda a v\u00e1lku na Ukrajin\u011b tak nelze objektivn\u011b hodnotit. V rozhovoru pro Parlamentn\u00edListy.cz to \u0159\u00edk\u00e1 poslanec SPD Jaroslav Foldyna. Vl\u00e1dne n\u00e1m pr\u00fd koalice politick\u00fdch mamlas\u016f a ciz\u00edch poskok\u016f. Ministr Raku\u0161an podle n\u011bho l\u017ee, kdy\u017e \u0159\u00edk\u00e1, \u017ee pomoc Ukrajinc\u016fm nebude na \u00fakor \u010desk\u00fdch ob\u010dan\u016f. Koalice pr\u00fd hodl\u00e1 vyu\u017e\u00edt nep\u0159ehledn\u00e9 situace kolem v\u00e1lky a protla\u010dit Parlamentem koresponden\u010dn\u00ed volbu, aby podle jeho slov mohla \u201efal\u0161ovat volby\u201c. Foldyna se ob\u0161\u00edrn\u011bji pozastavuje i nad \u00fadajn\u00fdmi nejasnostmi nad cestou premi\u00e9ra Fialy do Kyjeva. A douf\u00e1, \u017ee se na jeho slova st\u00e1le vztahuje poslaneck\u00e1 imunita.<\/strong><\/p>\n<\/section>\n<section class=\"article-content\"><strong>Pane poslan\u010de, na za\u010d\u00e1tek se zept\u00e1m, odsuzujete ruskou agresi v\u016f\u010di Ukrajin\u011b?<\/strong><\/p>\n<p>Odsuzuji jakoukoli nevyprovokovanou agresi.<\/p>\n<p><strong>A agrese Ruska byla vyprovokovan\u00e1, nebo nevyprovokovan\u00e1?<\/strong><\/p>\n<p>Vl\u00e1dnouc\u00ed re\u017eim n\u00e1s odst\u0159ihl od jin\u00fdch ne\u017e od vlastn\u00edch informac\u00ed, tak\u017ee na va\u0161i ot\u00e1zku nem\u016f\u017eu odpov\u011bd\u011bt.<\/p>\n<p><strong>Informace, kter\u00e9 m\u00e1te k dispozici, v\u00e1m k odpov\u011bdi nesta\u010d\u00ed?<\/strong><\/p>\n<p>Chcete po mn\u011b soud v situaci, kdy m\u00e1m k dispozici tvrzen\u00ed pouze jedn\u00e9 strany sporu. Nejsem jasnovidec, abych za takov\u00fdch podm\u00ednek dok\u00e1zal ur\u010dit, kde je nejv\u00edce pravdy, anebo alespo\u0148 nejm\u00e9n\u011b l\u017e\u00ed.<\/p>\n<p><strong>Vy nev\u011b\u0159\u00edte ofici\u00e1ln\u00edm informac\u00edm, kter\u00e9 pod\u00e1v\u00e1 t\u0159eba vl\u00e1da nebo ve\u0159ejnopr\u00e1vn\u00ed m\u00e9dia?<\/strong><\/p>\n<p>Stejn\u011b jako v televizi Prima na tuto ot\u00e1zku odpov\u00edm pr\u00fd cit\u00e1tem V\u00e1clava Havla: \u201eV zemi s cenzurou m\u016f\u017ee ofici\u00e1ln\u00edm zpr\u00e1v\u00e1m v\u011b\u0159it jen blbec.\u201c S panem Havlem jsem v mnoh\u00e9m nesouhlasil, ale s t\u00edmto jeho v\u00fdrokem souhlas\u00edm bezv\u00fdhradn\u011b.<\/p>\n<p><strong>\u010cesk\u00fd rozhlas p\u0159i\u0161el s tvrzen\u00edm, \u017ee ten cit\u00e1t nen\u00ed autentick\u00fd.<\/strong><\/p>\n<p>Ten cit\u00e1t je platn\u00fd, a\u0165 u\u017e je autentick\u00fd, nebo ne. Pokud to ne\u0159ekl Havel, tak to tedy \u0159\u00edk\u00e1m j\u00e1.<\/p>\n<p><strong>Zp\u00e1tky k Rusku a Ukrajin\u011b. Je nepochybn\u00e9, \u017ee Rusko na Ukrajinu za\u00fato\u010dilo. Podle v\u00e1s to tak nen\u00ed?<\/strong><\/p>\n<p>Kdy\u017e m\u011b tref\u00ed k\u00e1men do hlavy, tak je nepochybn\u00e9, \u017ee jsem byl zasa\u017een kamenem, ale nic v\u00edc. N\u011bkdo se mo\u017en\u00e1 bude zlobit na ten k\u00e1men, j\u00e1 sp\u00ed\u0161 na toho, kdo ho hodil, a je\u0161t\u011b v\u00edc na toho, kdo ho k hodu p\u0159im\u011bl. \u017divot, a tedy i politika, je jako kniha. Pokud chcete zn\u00e1t cel\u00fd p\u0159\u00edb\u011bh, mus\u00edte ji p\u0159e\u010d\u00edst celou, nikoli pouze posledn\u00ed odstavec posledn\u00ed str\u00e1nky.<\/p>\n<p><strong>Co t\u00edm chcete \u0159\u00edct?<\/strong><\/p>\n<p>To, \u017ee dokud nebudeme v\u011bd\u011bt, co v\u0161echno vedlo Vladimira Putina k jeho rozhodnut\u00ed, tak nem\u016f\u017eeme soudit.<\/p>\n<p><strong>Nesta\u010d\u00ed, \u017ee za\u00fato\u010dil jako prvn\u00ed?<\/strong><\/p>\n<p>Mo\u017en\u00e1 ano, mo\u017en\u00e1 ne. V\u017edy m\u016f\u017ee existovat spousta okolnost\u00ed, kter\u00e9 vojensk\u00fd \u00fatok mohou ospravedlnit. V sou\u010dasn\u00e9m konfliktu to plat\u00ed rovn\u011b\u017e.<\/p>\n<p><strong>Mohl byste uv\u00e9st n\u011bjak\u00e9 p\u0159\u00edklady, kter\u00e9 by podle v\u00e1s vojensk\u00fd \u00fatok mohly ospravedlnit?<\/strong><\/p>\n<p>M\u016f\u017ee se nap\u0159\u00edklad uk\u00e1zat, \u017ee rusk\u00e9 dezinformace o v\u00fdrob\u011b biologick\u00fdch zbran\u00ed, jejich\u017e financov\u00e1n\u00ed a v\u00fdrobu na Ukrajin\u011b u\u017e ov\u0161em mezit\u00edm p\u0159iznala v Kongresu USA st\u00e1tn\u00ed tajemnice pro bezpe\u010dnost USA Victoria Nulandov\u00e1, byly opravdu biologick\u00e9 zbran\u011b a \u017ee se p\u0159ipravovalo jejich pou\u017eit\u00ed proti Rusku. M\u016f\u017ee se uk\u00e1zat, \u017ee soust\u0159ed\u011bn\u00ed ukrajinsk\u00e9 arm\u00e1dy u hranic Don\u011bcka a Luhanska spolu s d\u011blost\u0159eleck\u00fdmi \u00fatoky, kter\u00e9 vedla na \u00fazem\u00ed t\u011bchto republik ukrajinsk\u00e1 arm\u00e1da a ukrajinsk\u00e9 polovojensk\u00e9 jednotky a kter\u00e9 jsou zaznamen\u00e1ny i v Daily Reports OBSE, byly p\u0159\u00edpravou k rozs\u00e1hl\u00e9mu \u00fatoku. K uklidn\u011bn\u00ed situace tak\u00e9 jist\u011b nep\u0159isp\u011bl podpis smlouvy mezi USA a Ukrajinou z 10. 11. 2021 o strategick\u00e9m partnerstv\u00ed, kter\u00e1 zav\u00e1d\u00ed mo\u017enost \u0161irok\u00e9 spolupr\u00e1ce ve vojensk\u00e9 oblasti, proto\u017ee n\u00e1sledn\u00e9 p\u0159eskupov\u00e1n\u00ed ukrajinsk\u00fdch jednotek sm\u011brem ke Krymu a agresivn\u00ed r\u00e9torika sm\u011brem k Rusku mohly b\u00fdt tak\u00e9 vyhodnoceny jako p\u0159\u00edprava k \u00fatoku&#8230; Podobn\u00fdch faktor\u016f m\u016f\u017ee existovat cel\u00e1 \u0159ada, a proto by bylo dobr\u00e9 se soudy po\u010dkat na chv\u00edli, kdy budeme v\u011bd\u011bt mnohem v\u00edce, ne\u017e v\u00edme dnes. N\u00e1\u0161 vl\u00e1dnouc\u00ed re\u017eim ale zavedl cenzuru, co\u017e samoz\u0159ejm\u011b informovanosti moc nepom\u00e1h\u00e1. Skoro to a\u017e vypad\u00e1, \u017ee nechce, abychom znali pravdu.<\/p>\n<p><strong>Zm\u00ednil jste Krym. Ten je ale podle mezin\u00e1rodn\u00edho pr\u00e1va ukrajinsk\u00fd a Rusko ho okupuje.<\/strong><\/p>\n<p>Ano, to se u n\u00e1s tvrd\u00ed. Skute\u010dnost je ov\u0161em takov\u00e1, \u017ee byl od roku 1783 rusk\u00fd a n\u00e1sledn\u011b sov\u011btsk\u00fd. Referendum o autonomii Krymu prob\u011bhlo v \u00fanoru 1991 a n\u00e1sledn\u011b Krym vyhl\u00e1sil nez\u00e1vislost, kterou SSSR uznal. S\u00e1m Sov\u011btsk\u00fd svaz se rozpadl skoro a\u017e o rok pozd\u011bji, p\u0159esn\u011b v prosinci 1991, a referendum o nez\u00e1vislosti Ukrajiny tak\u00e9 prob\u011bhlo a\u017e v prosinci 1991. Krym byl tedy samostatn\u00fd d\u0159\u00edv ne\u017e Ukrajina. Aby se nastal\u00e1 a trochu nep\u0159ehledn\u00e1 situace vyjasnila, prob\u011bhlo na Krymu v roce 2014 dal\u0161\u00ed referendum, kdy se lid\u00e9 op\u011bt vyslovili pro to, aby byl Krym na Ukrajin\u011b nez\u00e1visl\u00fd, a nav\u00edc se stal sou\u010d\u00e1st\u00ed Ruska. To jsou fakta. Abych to trochu p\u0159ibl\u00ed\u017eil t\u011bm, kdo uspo\u0159\u00e1d\u00e1n\u00ed Sov\u011btsk\u00e9ho svazu zapomn\u011bli nebo v t\u00e9 dob\u011b je\u0161t\u011b nebyli na sv\u011bt\u011b, tak pou\u017eiji analogickou situaci z na\u0161eho prost\u0159ed\u00ed. P\u0159edstavme si hypoteticky, \u017ee by t\u0159eba okres D\u011b\u010d\u00edn uspo\u0159\u00e1dal referendum o nez\u00e1vislosti na \u010cR a na z\u00e1klad\u011b toho referenda by se nez\u00e1visl\u00fdm celkem skute\u010dn\u011b stal, co\u017e by uznala i \u010cesk\u00e1 republika. A pak si p\u0159edstavme, \u017ee by se \u010cR za rok po uzn\u00e1n\u00ed samostatnosti D\u011b\u010d\u00ednska rozpadla na jednotliv\u00e9 kraje, kter\u00e9 by z\u00edskaly statut samostatn\u00e9ho st\u00e1tu. A najednou by p\u0159i\u0161el st\u00e1t \u00dastecko a tvrdil, \u017ee autonomn\u00ed oblast D\u011b\u010d\u00edn je jeho sou\u010d\u00e1st\u00ed. To p\u0159ece ned\u00e1v\u00e1 \u017e\u00e1dn\u00fd smysl. A podobn\u011b je to s Krymem a Ukrajinou.<\/p>\n<p><strong>Mnoz\u00ed lid\u00e9 u n\u00e1s, a tak\u00e9 ukrajinsk\u00fd parlament, ale legitimitu referend na Krymu neuzn\u00e1vaj\u00ed a tvrd\u00ed, \u017ee Krym st\u00e1le pat\u0159\u00ed Ukrajin\u011b.<\/strong><\/p>\n<p>Je docela p\u0159\u00edzna\u010dn\u00e9, \u017ee lid\u00e9, kte\u0159\u00ed neuzn\u00e1vaj\u00ed legitimitu dvou referend prob\u011bhl\u00fdch po konci studen\u00e9 v\u00e1lky, uzn\u00e1vaj\u00ed legitimitu dekretu gener\u00e1ln\u00edho tajemn\u00edka \u00dast\u0159edn\u00edho v\u00fdboru Komunistick\u00e9 strany Sov\u011btsk\u00e9ho svazu N. S. Chru\u0161\u010dova z roku 1954. To je toti\u017e jedin\u00fd ofici\u00e1ln\u00ed akt, kter\u00fdm byl Krym p\u0159eveden ze spr\u00e1vy Rusk\u00e9 SFSR do spr\u00e1vy Ukrajinsk\u00e9 SSR. Po\u0159\u00e1d \u0161lo ale o p\u0159evod pravomoc\u00ed v r\u00e1mci SSSR, kter\u00fd byl nad ob\u011bma svazov\u00fdmi republikami a samoz\u0159ejm\u011b i nad Krymem. Kdy\u017e se pak rozpadl SSSR a vznikla samostatn\u00e1 Ukrajina, tak u\u017e Krym byl d\u00e1vno samostatn\u00fd.<\/p>\n<p><strong>Podle v\u00e1s snad Putin nenese za konflikt vinu?<\/strong><\/p>\n<p>Zkus\u00edm v\u0161e n\u011bjak vysv\u011btlit, i kdy\u017e zpochyb\u0148ov\u00e1n\u00ed stoprocentn\u00ed odpov\u011bdnosti Vladimira Putina za v\u00e1lku na Ukrajin\u011b, a dnes u\u017e mo\u017en\u00e1 za v\u0161echny probl\u00e9my sv\u011bta, je u n\u00e1s trestn\u00e9. Pr\u00e1v\u011b te\u010f ale stoj\u00edm u \u0159e\u010dnick\u00e9ho pult\u00edku ve Sn\u011bmovn\u011b, tak\u017ee na m\u011b snad spad\u00e1 poslaneck\u00e1 imunita. Jak\u00e1koli v\u00e1lka je selh\u00e1n\u00edm politik\u016f v\u0161ech z\u00fa\u010dastn\u011bn\u00fdch stran. Podstatou politiky je hled\u00e1n\u00ed rovnov\u00e1hy, a pokud je rovnov\u00e1ha naru\u0161ena, doch\u00e1z\u00ed ke konflikt\u016fm, v mezn\u00edm p\u0159\u00edpad\u011b k v\u00e1lk\u00e1m. Za konflikt na Ukrajin\u011b tedy nesou sv\u016fj d\u00edl viny v\u0161ichni z\u00fa\u010dastn\u011bn\u00ed, proto\u017ee nedok\u00e1zali naj\u00edt rovnov\u00e1hu. Asi jsme m\u011bli l\u00e9pe ch\u00e1pat bezpe\u010dnostn\u00ed obavy Ruska. Rusko asi m\u011blo sv\u00e9 obavy l\u00e9pe komunikovat. Vl\u00e1dnouc\u00ed oligarchick\u00e9 klany na Ukrajin\u011b nejsp\u00ed\u0161 m\u011bly l\u00e9pe ch\u00e1pat, \u017ee vl\u00e1da znamen\u00e1 i zodpov\u011bdnost, Evropa m\u011bla v\u00edce zohlednit sv\u00e9 z\u00e1jmy a m\u00e9n\u011b se ohl\u00ed\u017eet na ty americk\u00e9. Amerika se asi m\u011bla sm\u00ed\u0159it s t\u00edm, \u017ee bude existovat Nord Stream II a \u017ee se Evropa trochu vyman\u00ed ze z\u00e1vislosti na Americe. Co kdo mohl ud\u011blat l\u00e9pe, je ale t\u00e9matem pro rozs\u00e1hlou anal\u00fdzu, kter\u00e1 p\u0159esahuje form\u00e1t na\u0161eho rozhovoru.<\/p>\n<p><strong>M\u011blo se tedy Rusku ustoupit?<\/strong><\/p>\n<p>M\u011blo se naj\u00edt \u0159e\u0161en\u00ed p\u0159ijateln\u00e9 pro v\u0161echny.<\/p>\n<p><strong>Tak\u017ee ustoupit? Nem\u00e1 snad, jak opakovan\u011b \u0159\u00edkali premi\u00e9r Fiala, ministr Raku\u0161an \u010di p\u0159edsedkyn\u011b Poslaneck\u00e9 sn\u011bmovny Mark\u00e9ta Pekarov\u00e1, ka\u017ed\u00e1 zem\u011b pr\u00e1vo rozhodnout se, kam chce pat\u0159it?<\/strong><\/p>\n<p>Ano, to je takov\u00fd inkluzivn\u00ed p\u0159\u00edstup, kdy ka\u017ed\u00fd m\u00e1 n\u00e1rok na v\u0161echno, co\u017e je ale samoz\u0159ejm\u011b nesmysl. Ka\u017ed\u00e1 zem\u011b n\u011bkde le\u017e\u00ed, a kdyby nebylo u\u017e nic jin\u00e9ho, tak i jenom proto se nem\u016f\u017ee rozhodovat, kam chce pat\u0159it, proto\u017ee pat\u0159\u00ed tam, kde le\u017e\u00ed. Ka\u017ed\u00e1 zem\u011b m\u00e1 n\u011bjakou historii a n\u011bjak\u00e9 sousedy, co\u017e tak\u00e9 nelze zm\u011bnit. A pak m\u00e1 ka\u017ed\u00e1 zem\u011b n\u011bjakou v\u00e1hu, kter\u00e1 je sou\u010dtem jej\u00edch ekonomick\u00fdch, vojensk\u00fdch, diplomatick\u00fdch a dal\u0161\u00edch obdobn\u00fdch kapacit. P\u0159edstava, \u017ee v\u0161echny tyto faktory lze jen tak zahodit a rozhodnout se, \u017ee v\u0161echno bude najednou jinak, je vrcholn\u00fdm projevem politick\u00e9ho ignorantstv\u00ed. Je to tot\u00e9\u017e jako prohl\u00e1sit, \u017ee ka\u017ed\u00fd m\u00e1 pr\u00e1vo neb\u00fdt pokous\u00e1n vosami. Ano, m\u016f\u017eeme to k\u0159i\u010det, m\u016f\u017eeme to napsat na transparenty, m\u016f\u017eeme si to klidn\u011b i stokr\u00e1t odhlasovat, jen\u017ee kdy\u017e pak str\u010d\u00edte ruku do vos\u00edho hn\u00edzda, tak ji budete m\u00edt jak bambuli, proto\u017ee vosy si zase odhlasovaly, \u017ee jim do hn\u00edzda nikdo nebude strkat pazoury. Kdo tohle nech\u00e1pe, je idiot. Racion\u00e1ln\u011b uva\u017euj\u00edc\u00ed \u010dlov\u011bk se bu\u010f bude chovat tak, aby nedostal \u017eihadlo, nebo p\u016fjde a vosy vyhub\u00ed. A proto\u017ee v p\u0159\u00edpad\u011b Ruska by pokusy o jeho vyhuben\u00ed znamenaly konec \u017eivota na planet\u011b Zemi, tak n\u00e1m nezb\u00fdv\u00e1 ne\u017e se n\u011bjak dohodnout.<\/p>\n<p><strong>Vy byste Rusku ustoupil?<\/strong><\/p>\n<p>Jak v \u010dem. Ani Rusko nem\u00e1 z\u00e1jem na konfrontaci, proto\u017ee i pro Rusko je v\u00e1lka drah\u00e1 a riskantn\u00ed, tak\u017ee i pro Rusko je dohoda, t\u00edm ale mysl\u00edm p\u0159ijatelnou dohodu, nejlep\u0161\u00edm v\u00fdchodiskem. Jen\u017ee na dohodu musej\u00ed b\u00fdt dva.<\/p>\n<p><strong>Neznamen\u00e1 to slevit z vlastn\u00edch z\u00e1sad?<\/strong><\/p>\n<p>V politice mus\u00ed ka\u017ed\u00fd n\u011bkde, n\u011bkdy, v n\u011b\u010dem ustoupit \u2013 to je podstatou uzav\u00edr\u00e1n\u00ed dohod. Vyprovokovat konflikt um\u00ed ka\u017ed\u00fd mamlas a politick\u00fd nedouk \u2013 sta\u010d\u00ed jen dostate\u010dn\u011b dlouho partner\u016fm hlasit\u011b nad\u00e1vat a na v\u0161echny jeho n\u00e1vrhy \u0159\u00edkat z\u00e1sadov\u00e9 \u201ene\u201c a v\u00fdsledek, tedy st\u0159elba a mrtv\u00ed lid\u00e9, se nakonec ur\u010dit\u011b dostav\u00ed. Nal\u00e9zt rovnov\u00e1hu ale dok\u00e1\u017eou jen skute\u010dn\u00ed politici. Bohu\u017eel n\u00e1m te\u010f vl\u00e1dne koalice politick\u00fdch mamlas\u016f, politick\u00fdch nedouk\u016f a ciz\u00edch poskok\u016f.<\/p>\n<p><strong>Vy osobn\u011b stoj\u00edte na stran\u011b Ruska, nebo Ukrajiny?<\/strong><\/p>\n<p>J\u00e1 stoj\u00edm na stran\u011b \u010cesk\u00e9 republiky!<\/p>\n<p><strong>Tak p\u0159ece ot\u00e1zka nestoj\u00ed, jde o to, kam se stav\u00edte ve sporu Ruska a Ukrajiny.<\/strong><\/p>\n<p>Z\u00e1jmem Ruska, Ukrajiny, \u010cesk\u00e9 republiky a cel\u00e9 Evropy je, aby v\u00e1lka na Ukrajin\u011b co nejd\u0159\u00edv skon\u010dila. V p\u0159\u00edpad\u011b, \u017ee se to nepoda\u0159\u00ed, je z\u00e1jmem \u010cesk\u00e9 republiky a cel\u00e9 Evropy nenechat se do toho konfliktu vt\u00e1hnout. Jsou ale zem\u011b, kter\u00e9 maj\u00ed naopak z\u00e1jem na tom, aby ta v\u00e1lka trvala co nejd\u00e9le a byla co nejkrvav\u011bj\u0161\u00ed. Zde je nutn\u00e9 \u0159\u00edci, \u017ee na\u0161e sou\u010dasn\u00e1 vl\u00e1da v tomto ohledu zastupuje z\u00e1jmy t\u011bchto zem\u00ed, a nikoli z\u00e1jmy \u010cR.<\/p>\n<p><strong>Kter\u00e9 zem\u011b to jsou?<\/strong><\/p>\n<p>Nap\u0159\u00edklad USA a \u010c\u00edna na t\u00e9 v\u00e1lce ur\u010dit\u011b neprod\u011bl\u00e1vaj\u00ed.<\/p>\n<p><strong>Jak USA a \u010c\u00edna mohou vyd\u011bl\u00e1vat na konfliktu?<\/strong><\/p>\n<p>Pod\u00edvejme se jen na \u010cR. Z\u00e1vislost na levn\u00e9m rusk\u00e9m plynu vym\u011bn\u00edme za z\u00e1vislost na drah\u00e9m plynu americk\u00e9m. T\u00edm jednak napln\u00edme kapsy americk\u00fdch producent\u016f plynu a jednak sn\u00ed\u017e\u00edme konkurenceschopnost na\u0161ich firem, kter\u00e9 budou muset platit za plyn mnohon\u00e1sobn\u011b v\u00edc ne\u017e doposud, a je\u0161t\u011b investovat do technologick\u00fdch \u00faprav, co\u017e pro v\u011bt\u0161inu z nich bude znamenat likvidaci. Nic z toho jist\u011b nebude v USA d\u016fvodem k pl\u00e1\u010di. Pan\u00ed \u010cernochov\u00e1 u\u017e tak\u00e9 byla nakupovat v USA zbran\u011b \u2013 dokud n\u00e1m je\u0161t\u011b n\u011bkdo p\u016fj\u010d\u00ed pen\u00edze, a proto\u017ee \u201ejsme ve v\u00e1lce\u201c, tak si s n\u011bjakou sout\u011b\u017e\u00ed a vyb\u00edr\u00e1n\u00edm nejv\u00fdhodn\u011bj\u0161\u00ed nab\u00eddky nikdo l\u00e1mat hlavu nebude. V tomto ohledu se d\u00e1 \u010dekat, \u017ee nap\u0159\u00edklad kauza p\u0159edra\u017een\u00fdch pandur\u016f z \u00e9ry vl\u00e1dy Mirka Topol\u00e1nka bude ve srovn\u00e1n\u00ed s t\u00edm, co je p\u0159ed n\u00e1mi, jen takov\u00e9 \u0161mudl\u00e1n\u00ed p\u00e1r drobn\u00fdch. Tentokr\u00e1t se ale ur\u010dit\u011b nic vy\u0161et\u0159ovat nebude.<\/p>\n<p><strong>Pro\u010d mysl\u00edte?<\/strong><\/p>\n<p>Justi\u010dn\u00ed org\u00e1ny kolonie p\u0159ece nebudou vy\u0161et\u0159ovat koloni\u00e1ln\u00ed spr\u00e1vu za to, \u017ee nakoupila p\u0159edra\u017een\u00e9 zbo\u017e\u00ed od koloniz\u00e1tora <em>(sm\u011bje se)<\/em>.<\/p>\n<p><strong>My jsme kolonie USA?<\/strong><\/p>\n<p>Ka\u017ed\u00e9mu, kdo si mysl\u00ed, \u017ee ty \u0161pi\u010dky na\u0161\u00ed politiky, justice, m\u00e9di\u00ed \u010di byznysu, a \u017ee takov\u00fdch je, kter\u00e9 jsou bu\u010f p\u0159\u00edmo napojeny na americkou administrativu prost\u0159ednictv\u00edm Aspen Institutu, nebo chod\u00ed na \u0161kolen\u00ed na americkou ambas\u00e1du, nebo jezd\u00ed do USA na politick\u00e9 st\u00e1\u017ee, jsou \u0161koleni v tom, jak zajistit co nejv\u011bt\u0161\u00ed suverenitu \u010cR, by m\u011bl b\u00fdt okam\u017eit\u011b p\u0159id\u011blen opatrovn\u00edk, ne\u017e si ten \u010dlov\u011bk s\u00e1m n\u011bjak ubl\u00ed\u017e\u00ed. Takov\u00e1 osoba toti\u017e nen\u00ed sv\u00e9pr\u00e1vn\u00e1.<\/p>\n<p><strong>N\u011bkte\u0159\u00ed v\u00e1s ozna\u010duj\u00ed za rusk\u00e9ho agenta. Nenahr\u00e1v\u00e1te t\u011bm lidem nap\u0159\u00edklad t\u00edm, co jste te\u010f \u0159ekl?<\/strong><\/p>\n<p>Nebudu p\u0159ece d\u011blat, \u017ee nevid\u00edm, co je zjevn\u00e9, jen proto, abych nebyl za n\u011bco ozna\u010den. Ostatn\u011b \u201ekdy\u017e dojdou argumenty, tak tam vra\u017ete Putina\u201c je politick\u00fd manu\u00e1l pro ty \u00fapln\u011b nejjednodu\u0161\u0161\u00ed jedince. Jinak na rusk\u00e9 ambas\u00e1d\u011b jsem byl p\u00e1rkr\u00e1t, a to vesm\u011bs p\u0159i ofici\u00e1ln\u00edch p\u0159\u00edle\u017eitostech, a na \u0161kolen\u00ed v politick\u00e9m institutu rusk\u00e9 vl\u00e1dnouc\u00ed strany, tedy v n\u011bjak\u00e9 rusk\u00e9 obdob\u011b Aspen Institutu, jsem nebyl nikdy u\u017e jen proto, \u017ee \u017e\u00e1dn\u00fd takov\u00fd institut v \u010cR nen\u00ed.<\/p>\n<p><strong>Je\u0161t\u011b k plynu. Ministr Stanjura v \u010cT tvrdil, \u017ee vl\u00e1da na\u0161e z\u00e1sobn\u00edky plynu napln\u00ed, aby dopady na ob\u010dany byly co nejmen\u0161\u00ed. To nebude sta\u010dit?<\/strong><\/p>\n<p>V \u010cT se tvrd\u00ed leccos&#8230; J\u00e1 ale p\u0159edev\u0161\u00edm nev\u00edm, o jak\u00fdch z\u00e1sobn\u00edc\u00edch pan Stanjura mluv\u00ed. Jedin\u00e1 organizace, kter\u00e1 pro \u010cR skladuje strategick\u00e9 suroviny, je SSHR a ta \u017e\u00e1dn\u00e9 z\u00e1sobn\u00edky na plyn nem\u00e1. Tak\u017ee pokud n\u011bjak\u00fd velkokapacitn\u00ed z\u00e1sobn\u00edk nen\u00ed schovan\u00fd u pana Stanjury na zahrad\u011b, tak mi moc nen\u00ed jasn\u00e9, co chce plnit.<\/p>\n<p><strong>\u010cesk\u00e1 republika p\u0159ij\u00edm\u00e1 velk\u00e9 mno\u017estv\u00ed uprchl\u00edk\u016f z Ukrajiny. Pokud tvrd\u00edte, \u017ee si nejste jist\u00fd t\u00edm, \u017ee Rusko je nezpochybniteln\u00fdm agresorem, tak to znamen\u00e1, \u017ee bychom je p\u0159ij\u00edmat nem\u011bli?<\/strong><\/p>\n<p>To jsem nikdy ne\u0159ekl. Ukrajinci, mysl\u00edm t\u00edm b\u011b\u017en\u00e9 lidi, jsou jednozna\u010dn\u011b nejv\u011bt\u0161\u00ed ob\u011bt\u00ed t\u00e9to v\u00e1lky a my bychom jim m\u011bli pomoci, jak nejl\u00e9pe m\u016f\u017eeme. Samoz\u0159ejm\u011b ale p\u0159itom mus\u00edme myslet p\u0159edev\u0161\u00edm na na\u0161e vlastn\u00ed ob\u010dany, proto\u017ee ti si n\u00e1s, politiky, za to plat\u00ed. Zn\u00ed to sice samoz\u0159ejm\u011b, ale mnoho koleg\u016f to takto nevid\u00ed a na\u0161e ob\u010dany bere jako sv\u00e9 poddan\u00e9, kte\u0159\u00ed jen musej\u00ed platit a ml\u010det. Je to takov\u00fd skoro a\u017e feud\u00e1ln\u00ed pohled na sv\u011bt.<\/p>\n<p><strong>Nap\u0159\u00edklad ministr Raku\u0161an ale tvrd\u00ed, \u017ee na\u0161e pomoc nebude na \u00fakor na\u0161ich ob\u010dan\u016f.<\/strong><\/p>\n<p>To je samoz\u0159ejm\u011b le\u017e. Ka\u017ed\u00e9 obdarov\u00e1n\u00ed n\u011bkoho, a pomoc nen\u00ed ni\u010d\u00edm jin\u00fdm ne\u017e darem, je na \u00fakor n\u011bkoho jin\u00e9ho. Kdy\u017e v\u00e1m te\u010f d\u00e1m stokorunu, tak u\u017e ji nem\u016f\u017eu d\u00e1t nap\u0159\u00edklad ukrajinsk\u00e9 rodin\u011b, a opa\u010dn\u011b to plat\u00ed \u00fapln\u011b stejn\u011b \u2013 to snad mus\u00ed b\u00fdt jasn\u00e9 i tomu nejv\u011bt\u0161\u00edmu hlup\u00e1kovi, tak\u017ee je to ur\u010dit\u011b jasn\u00e9 i ministru Raku\u0161anovi. Tak\u017ee ano, budeme pom\u00e1hat na \u00fakor na\u0161ich lid\u00ed, ale je nutn\u00e9 zajistit, aby m\u00edra jejich osobn\u00ed ob\u011bti pro n\u011b byla akceptovateln\u00e1 nikoli proto, \u017ee jim byla p\u0159ik\u00e1z\u00e1na, ale proto, \u017ee jsou ji sami ochotni podstoupit. A tady si mysl\u00edm, \u017ee v\u0161ichni ti ze\u0161\u00edlev\u0161\u00ed politi\u010dt\u00ed aktivist\u00e9, kte\u0159\u00ed dnes sed\u00ed v nejvy\u0161\u0161\u00edch \u00fastavn\u00edch funkc\u00edch na\u0161\u00ed zem\u011b, nemaj\u00ed dotek s realitou. Jsou om\u00e1meni vlastn\u00ed u\u0161lechtilost\u00ed, za ni\u017e ov\u0161em n\u00e1sil\u00edm nut\u00ed platit n\u011bkoho jin\u00e9ho.<\/p>\n<p><strong>N\u00e1sil\u00edm?<\/strong><\/p>\n<p>Vy snad zn\u00e1te n\u011bkoho, kdo plat\u00ed dan\u011b dobrovoln\u011b? J\u00e1 zn\u00e1m pouze ty, kdo je plat\u00ed pod hrozbou sankce za jejich neplacen\u00ed. A hrozba sankce je hrozba n\u00e1sil\u00edm, proto\u017ee nezn\u00e1m ani nikoho, kdo by dobrovoln\u011b platil pokutu nebo \u0161el dobrovoln\u011b do v\u011bzen\u00ed. Ano, dan\u011b se vyb\u00edraj\u00ed pod pohr\u016f\u017ekou n\u00e1sil\u00ed.<\/p>\n<p><strong>M\u00e1te dojem, \u017ee pomoc ze strany st\u00e1tu je p\u0159\u00edli\u0161 velk\u00e1?<\/strong><\/p>\n<p>Uvedu jen p\u00e1r v\u011bc\u00ed. V Praze jezd\u00ed Ukrajinci v MHD zdarma, \u010ce\u0161i za to plat\u00ed, a \u010desk\u00fdm student\u016fm a d\u016fchodc\u016fm dokonce byly zru\u0161eny, respektive pokr\u00e1ceny slevy. Ukrajinci nemusej\u00ed platit povinn\u00e9 ru\u010den\u00ed za sv\u00e1 auta, \u010ce\u0161i platit musej\u00ed. Ukrajinci maj\u00ed l\u00e9ka\u0159skou p\u00e9\u010di zdarma, \u010ce\u0161i si ji musej\u00ed platit, a\u0165 u\u017e maj\u00ed p\u0159\u00edjmy, nebo ne. Ukrajinc\u016fm je poskytov\u00e1no bydlen\u00ed, o kter\u00e9m se \u010cech\u016fm doposud tvrdilo, \u017ee neexistuje. A tak by se dalo pokra\u010dovat d\u00e1l a d\u00e1l. Ob\u00e1v\u00e1m se, \u017ee to takto nen\u00ed udr\u017eiteln\u00e9, lid\u00e9 se za\u010dnou bou\u0159it a prvn\u00ed, kdo to odnese, budou pr\u00e1v\u011b Ukrajinci. Lid\u00e9 je za\u010dnou nesn\u00e1\u0161et i p\u0159esto, \u017ee o ud\u011blen\u00ed privilegi\u00ed oni sami nerozhodli. Cel\u00e9 to patetick\u00e9 m\u00e1v\u00e1n\u00ed ukrajinsk\u00fdmi vlajkami je nejen fale\u0161n\u00e9 a sm\u011b\u0161n\u00e9, ale p\u0159edev\u0161\u00edm p\u0159inese negativn\u00ed d\u016fsledky.<\/p>\n<\/section>\n<p><strong>Z \u010deho tak soud\u00edte?<\/strong><\/p>\n<p>Zopakujme si n\u011bkter\u00e1 fakta. Pan Zelenskyj otev\u0159el br\u00e1ny v\u011bznic a jejich klient\u016fm rozdal zbran\u011b. O p\u00e1r dn\u00ed pozd\u011bji Ministr Raku\u0161an ve\u0159ejn\u011b \u0159\u00edk\u00e1, \u017ee v\u00ed, \u017ee k n\u00e1m z Ukrajiny p\u0159ijdou i vrazi, zlod\u011bji a dal\u0161\u00ed krimin\u00e1ln\u00edci, ale \u017ee i tak policie nebude prov\u011b\u0159ovat, koho si k n\u00e1m pou\u0161t\u00edme a co s sebou veze v batohu. Pan Raku\u0161an se tedy bu\u010f stal ukrajinsk\u00fdm ministrem soci\u00e1ln\u00edch v\u011bc\u00ed a \u010desk\u00e9 Ministerstvo vnitra m\u00e1 jen jako takov\u00fd vedlej\u0161\u00e1k, nebo chce konflikty, ke kter\u00fdm zde z\u00e1konit\u011b mus\u00ed doj\u00edt a kter\u00e9 i on s\u00e1m hl\u00e1s\u00ed dop\u0159edu, vyvolat \u00famysln\u011b, anebo je zcela nekompetentn\u00ed. Jin\u00e9 varianty neexistuj\u00ed. To, co se dnes u n\u00e1s d\u011bje, je n\u011bco neuv\u011b\u0159iteln\u00e9ho a v historii to nem\u00e1 obdoby. St\u00e1ty p\u0159ece vznikaly proto, aby zajistily bezpe\u010d\u00ed vlastn\u00edch obyvatel, to je jejich z\u00e1kladn\u00ed \u00faloha, kterou pan Raku\u0161an a spol. otev\u0159en\u011b odm\u00edt\u00e1.<\/p>\n<p>Pod\u00edvejme se tak\u00e9, jak urputn\u011b Raku\u0161an, Fiala, Pekarov\u00e1 a dal\u0161\u00ed p\u0159edstavitel\u00e9 re\u017eimu vybi\u010dov\u00e1vaj\u00ed v lidech nen\u00e1vist a dal\u0161\u00ed negativn\u00ed emoce. Situace je u\u017e dnes tak daleko, \u017ee jedna skupina ob\u010dan\u016f je p\u0159esv\u011bd\u010dena o sv\u00e9m pr\u00e1vu zab\u00edjet sv\u00e9 politick\u00e9 odp\u016frce natolik, \u017ee k tomu ve\u0159ejn\u011b vyz\u00fdv\u00e1 i policii. Takhle ale za\u010d\u00ednaj\u00ed ob\u010dansk\u00e9 v\u00e1lky a j\u00e1 se velmi ob\u00e1v\u00e1m, \u017ee \u010cesk\u00e1 republika je u\u017e v bod\u011b, kdy p\u0159est\u00e1v\u00e1 b\u00fdt mo\u017en\u00e9 nen\u00e1siln\u00e9 \u0159e\u0161en\u00ed.<\/p>\n<p><strong>Vy jste vid\u011bl, jak n\u011bkdo vyz\u00fdv\u00e1 policii, aby zabila n\u011bkoho kv\u016fli jeho politick\u00fdm n\u00e1zor\u016fm?<\/strong><\/p>\n<p>Ano, zaznamenal jsem to opakovan\u011b nap\u0159\u00edklad na Twitteru. Policie o tom v\u00ed, a p\u0159esto\u017ee jde jednozna\u010dn\u011b o nab\u00e1d\u00e1n\u00ed k trestn\u00e9mu \u010dinu, tak nekon\u00e1. O to sv\u011bdomit\u011bji ale kon\u00e1 p\u0159i r\u016fzn\u00e9m \u201epodn\u011bcov\u00e1n\u00ed\u201c, \u010di \u201eschvalov\u00e1n\u00ed\u201c, kdy dokonce vy\u0161et\u0159uje, zda je oblo\u017een\u00fd chleb\u00ed\u010dek oblo\u017een v souladu s politick\u00fdm postojem vl\u00e1dnouc\u00edho re\u017eimu. Takov\u00e9 absurdity se tady snad ned\u011bly ani v pades\u00e1t\u00fdch letech nebo za protektor\u00e1tu. M\u00e1lo se tak\u00e9 v\u00ed, \u017ee dnes u\u017e existuje judik\u00e1t Nejvy\u0161\u0161\u00edho soudu, kter\u00fd tvrd\u00ed, \u017ee k trestn\u00e9mu \u010dinu \u201epodn\u011bcov\u00e1n\u00ed\u201c m\u016f\u017ee doj\u00edt i v p\u0159\u00edpad\u011b, kdy n\u011bkdo jenom pravdiv\u011b pop\u00ed\u0161e skute\u010dnost, nen\u00e1vist p\u0159itom ani nepodn\u00edtil a soudce pouze nabyl dojmu, \u017ee by snad nen\u00e1vist podn\u00edtit mohl. Co to m\u00e1 znamenat? Nab\u00fdt dojmu m\u016f\u017ee ka\u017ed\u00fd z lec\u010deho, tak\u017ee podn\u011bcov\u00e1n\u00ed m\u016f\u017ee b\u00fdt v podstat\u011b cokoli, a co se t\u00fdk\u00e1 \u201eschvalov\u00e1n\u00ed\u201c, tak to dnes tak\u00e9 m\u016f\u017ee b\u00fdt v podstat\u011b cokoli. To znamen\u00e1, \u017ee je tady jedna skupina ob\u010dan\u016f, kter\u00e9 je povoleno v\u0161e v\u010detn\u011b v\u00fdzev k vra\u017ed\u011bn\u00ed a druh\u00e1 skupina, kter\u00e1 mus\u00ed jen ml\u010det a se v\u0161\u00edm souhlasit, proto\u017ee j\u00ed jinak hroz\u00ed, \u017ee p\u016fjde do b\u00e1n\u011b. Pokud se na t\u00e9to situaci n\u011bco rychle nezm\u011bn\u00ed, tak se ob\u00e1v\u00e1m, \u017ee n\u00e1s opravdu \u010dek\u00e1 ob\u010dansk\u00e1 v\u00e1lka. Mo\u017en\u00e1 to n\u011bkomu p\u0159ijde p\u0159ehnan\u00e9, ale j\u00e1 si dob\u0159e pamatuji, jak za\u010daly v devades\u00e1t\u00fdch letech ob\u010dansk\u00e9 v\u00e1lky na Balk\u00e1n\u011b, a bylo to prakticky stejn\u00e9 jako dnes u n\u00e1s. Politi\u010dt\u00ed aktivist\u00e9, co n\u00e1m dnes vl\u00e1dnou, si toto riziko ale v\u016fbec nep\u0159ipou\u0161t\u011bj\u00ed, proto\u017ee si nejsp\u00ed\u0161 mysl\u00ed, \u017ee m\u00edr a po\u0159\u00e1dek je v \u010cR jak\u00fdmsi p\u0159\u00edrodn\u00edm z\u00e1konem. Ne, opravdu nen\u00ed.<\/p>\n<p><strong>\u0158\u00edkal jste, \u017ee je mo\u017en\u00e9, \u017ee koalice usiluje o konflikty ve spole\u010dnosti z\u00e1m\u011brn\u011b. Pro\u010d by to d\u011blala?<\/strong><\/p>\n<p>Nen\u00e1vist a strach jsou dobr\u00fdmi n\u00e1stroji k manipulaci mas a konflikt ve spole\u010dnosti je dobrou z\u00e1minkou k zaveden\u00ed a n\u00e1sledn\u00e9 form\u00e1ln\u00ed legitimizaci totality. K oboj\u00edmu u\u017e do\u0161lo. Nen\u00e1vist je ve spole\u010dnosti v\u0161udyp\u0159\u00edtomn\u00e1 a re\u017eim ji d\u00e1l usilovn\u011b \u017eiv\u00ed, a co se t\u00fdk\u00e1 cenzury, tak u\u017e byl jmenov\u00e1n ofici\u00e1ln\u00ed vl\u00e1dn\u00ed cenzor, pan Kl\u00edma. Tak\u017ee te\u010f u\u017e jen zb\u00fdv\u00e1 rozhodnout, zda apar\u00e1t, kter\u00fd bude m\u00edt hlavn\u00ed cenzor k dispozici, se bude jmenovat \u201e\u00da\u0159ad pro tisk a informace\u201c jako za minul\u00e9ho re\u017eimu, nebo \u201eTiskov\u00e1 dozor\u010d\u00ed slu\u017eba\u201c jako za protektor\u00e1tu anebo ministerstvo pravdy jako v Orwellov\u011b rom\u00e1nu \u201e1984\u201c. Je evidentn\u00ed, \u017ee \u0161rouby se budou i nad\u00e1le utahovat. Z\u00e1vit ale nakonec praskne a n\u011bco mi \u0159\u00edk\u00e1, \u017ee tentokr\u00e1t to moc sametov\u00e9 nebude. Nikdy jsem si nemyslel, \u017ee se to u n\u00e1s m\u016f\u017ee dostat tak daleko. Sou\u010dasn\u00e1 vl\u00e1da ale nem\u00e1 jin\u00fd program ne\u017e nen\u00e1vist. Jenom\u017ee ka\u017ed\u00e1 akce nakonec vyvol\u00e1 reakci.<\/p>\n<p><strong>Nen\u00ed to z va\u0161\u00ed strany p\u0159\u00edli\u0161 p\u0159\u00edsn\u00e9 hodnocen\u00ed?<\/strong><\/p>\n<p>Z moj\u00ed strany? Co nab\u00edzela cel\u00e1 p\u011btikoalice p\u0159ed volbami? Nic! Nebylo tam nic pozitivn\u00edho, pouze nen\u00e1vist v\u016f\u010di Babi\u0161ovi. A co nab\u00edz\u00ed po volb\u00e1ch? Tot\u00e9\u017e, jen nen\u00e1vist v\u016f\u010di Babi\u0161ovi doplnili nen\u00e1vist\u00ed v\u016f\u010di Rusku. Nedostupn\u00e9 bydlen\u00ed, raketov\u011b se zdra\u017euj\u00edc\u00ed potraviny a energie, vym\u00edr\u00e1n\u00ed populace, nedostatek pen\u011bz pro na\u0161e hendikepovan\u00e9, kolabuj\u00edc\u00ed \u010desk\u00fd pr\u016fmysl, probl\u00e9my ve zdravotnictv\u00ed, inflace hroz\u00edc\u00ed p\u0159er\u016fst ve stagflaci, sni\u017eovan\u00ed ratingu \u010cR, a tedy zdra\u017eov\u00e1n\u00ed obsluhy st\u00e1tn\u00edho dluhu&#8230; nic z toho je nezaj\u00edm\u00e1. Jedinou jejich \u010dinnost\u00ed je zav\u00e1d\u011bn\u00ed cenzury, ukrajinsk\u00e9 f\u00e1borky v ulic\u00edch, \u0161tvan\u00ed lid\u00ed proti sob\u011b, koali\u010dn\u00ed zlat\u00fd h\u0159eb \u2013 snaha zat\u00e1hnout n\u00e1s do ciz\u00ed v\u00e1lky \u2013 a z\u0159\u00edzen\u00ed udava\u010dsk\u00e9ho webu, na kter\u00e9m vl\u00e1da lidem tvrd\u00ed, \u017ee je pot\u0159eba udat ka\u017ed\u00e9ho, kdo \u0159\u00edk\u00e1 n\u011bco jin\u00e9ho ne\u017e vl\u00e1da, a \u017ee ud\u00e1v\u00e1n\u00ed nen\u00ed ud\u00e1v\u00e1n\u00ed. Bravo! A v\u00edte, pro\u010d v situaci, kdy hroz\u00ed fat\u00e1ln\u00ed kolaps \u010desk\u00e9ho pr\u016fmyslu a kdy je jasn\u00e9, \u017ee velk\u00e1 \u010d\u00e1st lid\u00ed nebude m\u00edt za p\u00e1r m\u011bs\u00edc\u016f pen\u00edze na pokryt\u00ed sv\u00fdch z\u00e1kladn\u00edch \u017eivotn\u00edch pot\u0159eb, vl\u00e1dn\u00ed koalice svol\u00e1v\u00e1 na p\u0159\u00ed\u0161t\u00ed t\u00fdden mimo\u0159\u00e1dnou sch\u016fzi Sn\u011bmovny? Proto\u017ee cht\u011bj\u00ed co nejrychleji schv\u00e1lit novelu volebn\u00edho z\u00e1kona, kter\u00e1 j\u00ed umo\u017en\u00ed zfal\u0161ovat volby <a href=\"https:\/\/www.parlamentnilisty.cz\/politika\/politici-volicum\/Foldyna-SPD-Vedouci-uloha-neziskovych-organizaci-Vlada-chysta-volebni-podvod-692716\" target=\"_blank\" rel=\"noopener\"><strong>(o tom jsem u\u017e mluvil d\u0159\u00edve)<\/strong><\/a>. Mysl\u00edm, \u017ee u\u017e jsme v situaci, o kter\u00e9 mluv\u00ed \u010cl\u00e1nek 23 Listiny z\u00e1kladn\u00edch pr\u00e1v a svobod!<\/p>\n<p><strong>Americk\u00fd kongres odhlasoval, \u017ee Vladimir Putin je v\u00e1le\u010dn\u00fdm zlo\u010dincem. Je to i v\u00e1\u0161 n\u00e1zor?<\/strong><\/p>\n<p>Tady jednak plat\u00ed tot\u00e9\u017e co u va\u0161\u00ed prvn\u00ed ot\u00e1zky, tedy \u017ee na to, abych odpov\u011bd\u011bl alespo\u0148 trochu kvalifikovan\u011b, m\u00e1m m\u00e1lo informac\u00ed. Pak je tu ale dal\u0161\u00ed v\u011bc. Do roku 1999 platilo, \u017ee nelegitimn\u00ed vojensk\u00fd \u00fader je takov\u00fd, kter\u00fd nem\u00e1 mand\u00e1t od Rady bezpe\u010dnosti OSN. To v\u0161ak skon\u010dilo s napaden\u00edm Jugosl\u00e1vie a nov\u00e1 definice nevznikla. Tak\u017ee dnes vlastn\u011b nev\u00edme, kter\u00e1 vojensk\u00e1 akce je legitimn\u00ed a kter\u00e1 nikoli. To, \u017ee si n\u011bco odhlasovali v USA, neznamen\u00e1, \u017ee to tak bude vn\u00edmat zbytek sv\u011bta, a to t\u00edm sp\u00ed\u0161e, \u017ee si to odhlasovala zem\u011b, kter\u00e1 je na jedn\u00e9 stran\u011b konfliktu.<\/p>\n<p><strong>USA jsou na Ukrajin\u011b jednou ze stran konfliktu?<\/strong><\/p>\n<p>Ka\u017ed\u00fd, kdo se jen trochu orientuje v mezin\u00e1rodn\u00edch ot\u00e1zk\u00e1ch a netrp\u00ed ztr\u00e1tou pam\u011bti, p\u0159ece mus\u00ed v\u011bd\u011bt, \u017ee konflikt na Ukrajin\u011b je ve skute\u010dnosti v\u00e1lkou USA, kter\u00e9 jsou samy ov\u0161em ovl\u00e1d\u00e1ny globalistick\u00fdmi pr\u016fmyslov\u011b-finan\u010dn\u00edmi kruhy, proti Rusku. V\u017edy\u0165 n\u00e1\u010deln\u00edci gener\u00e1ln\u00edch \u0161t\u00e1b\u016f americk\u00e9 a ukrajinsk\u00e9 arm\u00e1dy si volaj\u00ed a ur\u010dit\u011b to nejsou rozhovory o tom, kdo co m\u011bl k ob\u011bdu, v Kyjev\u011b byli p\u0159ed p\u00e1r dny p\u0159edat noty americk\u00fd ministr obrany a zahrani\u010d\u00ed, na ukrajinsk\u00e9m boji\u0161ti byl zajat americk\u00fd vysok\u00fd d\u016fstojn\u00edk, USA poskytuj\u00ed ukrajinsk\u00fdm ozbrojen\u00fdm sil\u00e1m, a to v\u010detn\u011b neonacistick\u00fdch boj\u016fvek, v\u00fdzv\u011bdn\u00e9 informace a v\u00fdzbroj, o laborato\u0159\u00edch na v\u00fdrobu biologick\u00fdch zbran\u00ed jsme ji\u017e mluvili. Ten spole\u010dn\u00fd postup je p\u0159ece zcela patrn\u00fd a nikdo jej u\u017e ani netaj\u00ed. Smutn\u00e9 je, \u017ee na americk\u00e9 v\u00e1lce proti Rusku nejv\u00edce dopl\u00e1cej\u00ed pr\u00e1v\u011b Ukrajinci, kte\u0159\u00ed Ameri\u010dan\u016fm sou\u017e\u00ed jen jako kan\u00f3nenfutr.<\/p>\n<p><strong>Srovn\u00e1val jste konflikt na Ukrajin\u011b s konfliktem v Jugosl\u00e1vii.<\/strong><\/p>\n<p>Mysl\u00edte s napaden\u00edm Jugosl\u00e1vie vojsky NATO v roce 1999? Ano, srovn\u00e1val, proto\u017ee jde politicky o srovnateln\u00e9 ud\u00e1losti. Mimo tuto podobnost je ov\u0161em tak\u00e9 zaj\u00edmav\u00e9 sledovat rozd\u00edly v opera\u010dn\u00ed strategii NATO a Ruska. \u00datoky NATO v Jugosl\u00e1vii byly vedeny prim\u00e1rn\u011b na zdroje elekt\u0159iny, vody, telekomunika\u010dn\u00ed uzly, zkr\u00e1tka na infrastrukturu cel\u00e9ho st\u00e1tu s t\u00edm, \u017ee d\u016fsledky ponese prim\u00e1rn\u011b civiln\u00ed obyvatelstvo. Tot\u00e9\u017e se d\u011blo t\u0159eba i v Ir\u00e1ku nebo v Libyi. Kdy\u017e se v\u0161ak pod\u00edv\u00e1me na Ukrajinu, vid\u00edme, \u017ee Rusko tam st\u00e1le dod\u00e1v\u00e1 plyn, nezni\u010dilo zdroje elekt\u0159iny a tepla, nebylo zni\u010deno ani z\u00e1sobov\u00e1n\u00ed vodou, funguj\u00ed telekomunikace&#8230; je zjevn\u00e9, \u017ee ten \u00fatok nen\u00ed veden proti civiln\u00edmu obyvatelstvu, i kdy\u017e je jasn\u00e9, \u017ee p\u0159\u00edmo v m\u00edst\u011b boj\u016f nez\u016fstane k\u00e1men na kameni, \u010demu\u017e ov\u0161em nejde zabr\u00e1nit. Systematick\u00fd \u00fatok na infrastrukturu zem\u011b ale na Ukrajin\u011b neprob\u00edh\u00e1, i kdy\u017e by prob\u00edhat samoz\u0159ejm\u011b mohl. V\u017edy\u0165 rusk\u00e9 letectvo m\u00e1 nad Ukrajinou voln\u00e9 pole p\u016fsobnosti a proti jeho hypersonick\u00fdm st\u0159el\u00e1m dnes neexistuje \u00fa\u010dinn\u00e1 obrana. P\u0159esto na infrastrukturu zem\u011b ne\u00fato\u010d\u00ed. Tak\u00e9 srovn\u00e1n\u00ed po\u010dtu zabit\u00fdch je zaj\u00edmav\u00e9. \u010cesk\u00fd rozhlas uv\u00e1d\u00ed, \u017ee 20. b\u0159ezna OSN hl\u00e1sila 364 zabit\u00fdch ukrajinsk\u00fdch civilist\u016f. Rusk\u00e9 ministerstvo obrany v t\u00e9 dob\u011b hl\u00e1silo 498 mrtv\u00fdch rusk\u00fdch voj\u00e1k\u016f. To je \u00fapln\u011b opa\u010dn\u00fd pom\u011br, ne\u017e kdy\u017e NATO napadlo Jugosl\u00e1vii, nebo Ir\u00e1k. Pro n\u00e1s je ale smutn\u00e9 p\u0159edev\u0161\u00edm to, \u017ee v \u017eeb\u0159\u00ed\u010dku zem\u00ed, kter\u00e9 na situaci doplat\u00ed nejv\u00edc, jsme na druh\u00e9m m\u00edst\u011b hned po Ukrajinc\u00edch pr\u00e1v\u011b my.<\/p>\n<p><strong>Uv\u00e1d\u00edte situaci k 20. b\u0159eznu, ale dnes jsou ty po\u010dty v\u00fdrazn\u011b odli\u0161n\u00e9\u2026<\/strong><\/p>\n<p>Zhruba od toho 20. b\u0159ezna za\u010dala ukrajinsk\u00e1 strana masov\u011b vyu\u017e\u00edvat civilisty jako lidsk\u00e9 \u0161t\u00edty a cel\u00e1 situace je tak nep\u0159ehledn\u00e1, \u017ee jak\u00e1koli sou\u010dasn\u00e1 \u010d\u00edsla nemaj\u00ed prakticky \u017e\u00e1dnou vypov\u00eddaj\u00edc\u00ed hodnotu.<\/p>\n<p><strong>Jak\u00e9 d\u016fkazy hovo\u0159\u00ed o tom, \u017ee ukrajinsk\u00e9 ozbrojen\u00e9 s\u00edly vyu\u017e\u00edvaj\u00ed civilisty jako lidsk\u00e9 \u0161t\u00edty?<\/strong><\/p>\n<p>Existuje o tom mnoho sv\u011bdectv\u00ed, kter\u00e1 ov\u0161em nemusej\u00ed b\u00fdt autentick\u00e1. Zcela nepochybn\u00fd je ale fakt, \u017ee se ukrajinsk\u00e9 ozbrojen\u00e9 s\u00edly snad ani jednou nepostavily rusk\u00e9 arm\u00e1d\u011b v otev\u0159en\u00e9m poli, ale st\u00e1hly se do m\u011bst, odkud vedou palbu. To je p\u0159ece pou\u017e\u00edv\u00e1n\u00ed civilist\u016f jako \u0161t\u00edt\u016f jak vy\u0161it\u00e9. Je to guerillov\u00fd m\u011bstsk\u00fd boj s t\u00edm, \u017ee k t\u00e9to taktice p\u0159istoupila p\u016flmilionov\u00e1 arm\u00e1da. V takov\u00e9m p\u0159\u00edpad\u011b jsou ov\u0161em ztr\u00e1ty mezi civilisty nevyhnuteln\u00e9 a ze strany ozbrojen\u00fdch sil, kter\u00e9 se k takov\u00e9 taktice uch\u00fdlily, jde p\u0159inejmen\u0161\u00edm o bezohlednost v\u016f\u010di vlastn\u00edmu obyvatelstvu.<\/p>\n<p><strong>\u0158\u00edkal jste, \u017ee t\u00edm, kdo na situaci na Ukrajin\u011b doplat\u00ed nejv\u00edc, jsme na druh\u00e9m m\u00edst\u011b hned po Ukrajinc\u00edch pr\u00e1v\u011b my. Cesta premi\u00e9ra Fialy do Kyjeva na\u0161e postaven\u00ed nezlep\u0161ila?<\/strong><\/p>\n<p>Jedin\u00e9, co by mohlo situaci \u010cR zlep\u0161it, by byla cesta na\u0161eho premi\u00e9ra do Moskvy, kdy by vyjednal stejn\u011b jako nap\u0159\u00edklad l\u00eddr ma\u010farsk\u00fd, srbsk\u00fd anebo jako rakousk\u00fd \u010di n\u011bmeck\u00fd kancl\u00e9\u0159 dod\u00e1vky plynu. Pot\u00ed\u017e je, \u017ee po tom, co na\u0161e vl\u00e1da sm\u011brem k Rusku p\u0159edv\u00e1d\u00ed, by se tam te\u010f s panem Fialou nebavil ani posledn\u00ed meta\u0159. \u010cR se chov\u00e1 tak zb\u011bsile a hloup\u011b, \u017ee to nem\u00e1 obdoby nejen v Evrop\u011b, ale dokonce na cel\u00e9m sv\u011bt\u011b. Ano, dnes m\u00e1me nejhor\u0161\u00ed vl\u00e1du na sv\u011bt\u011b, a to v\u010detn\u011b takzvan\u00fdch ban\u00e1nov\u00fdch republik. Cesta pana Fialy do Kyjeva samoz\u0159ejm\u011b nem\u011bla zlep\u0161it postaven\u00ed \u010cR, n\u00fdbr\u017e pouze postaven\u00ed pana Fialy, co\u017e se povedlo. \u0160lo zcela nepochybn\u011b o vynikaj\u00edc\u00ed marketingov\u00fd tah, kter\u00fd ov\u0161em situaci \u010cR jenom zhor\u0161il. To v\u0161e by platilo dokonce i v p\u0159\u00edpad\u011b, kdyby pan Fiala do Kyjeva skute\u010dn\u011b dojel. Ale to nevad\u00ed, na\u0161e firmy, kter\u00e9 v drtiv\u011b v\u011bt\u0161in\u011b za\u010d\u00ednaj\u00ed rourou plynovodu, si m\u00edsto toho zavedou kravsk\u00e9 hovnovody, jak jim poradil ministr Jure\u010dka, a bude v\u0161e v po\u0159\u00e1dku. Krav a vol\u016f m\u00e1me opravdu velkou z\u00e1sobu. Sta\u010d\u00ed se rozhl\u00e9dnout.<\/p>\n<p><strong>Po\u010dkejte, vy nev\u011b\u0159\u00edte, \u017ee pan Fiala tehdy skute\u010dn\u011b dojel do Kyjeva?<\/strong><\/p>\n<p>Ona je nam\u00edst\u011b p\u0159edev\u0161\u00edm ot\u00e1zka, pro\u010d v\u016fbec jezdit zrovna do Kyjeva, kdy\u017e r\u016fzn\u00fdch konflikt\u016f, kter\u00e9 se n\u00e1s tak\u00e9 ve skute\u010dnosti net\u00fdkaj\u00ed, je po sv\u011bt\u011b cel\u00e1 \u0159ada. Ale to nechme stranou. Pan Fiala je v sou\u010dasn\u00e9 chv\u00edli pro voli\u010de, kter\u00e9 chce oslovit, hrdinou, a zast\u00ednil tak pana Raku\u0161ana, pan\u00ed Pekarovou a dal\u0161\u00ed p\u0159edsedy koali\u010dn\u00edch stran. Stal se l\u00eddrem \u2013 sice medi\u00e1ln\u011b hodn\u011b nafoukl\u00fdm, ale to nevad\u00ed. Z\u00e1rove\u0148 pro tuto chv\u00edli vy\u0159e\u0161il nap\u011bt\u00ed v ODS, kde si mnoz\u00ed jist\u011b uv\u011bdomuj\u00ed, \u017ee dlouhodob\u00e9 vl\u00e1dnut\u00ed v koalici s progresivistick\u00fdmi extremisty je pro ODS politickou sebevra\u017edou, a to i v p\u0159\u00edpad\u011b, kdy se poda\u0159\u00ed prosadit koresponden\u010dn\u00ed volbu, proto\u017ee z podvod\u016f, kter\u00e9 pak budou volby prov\u00e1zet, nebude profitovat ODS, ale pr\u00e1v\u011b progresivist\u00e9 nav\u00e1zan\u00ed na politick\u00e9 neziskovky. A pak zde m\u00e1me nebohou \u010ceskou republiku. Co znamen\u00e1 Cesta Bilba Fialy do Kyjeva a zase zp\u00e1tky pro ni? L\u00edd\u0159i koali\u010dn\u00edch stran se budou cht\u00edt panu Fialovi vyrovnat, co\u017e bude znamenat zv\u00fd\u0161enou m\u00edru pr\u00e1zdn\u00fdch politick\u00fdch gest, zvy\u0161ov\u00e1n\u00ed jejich agresivity sm\u011brem k Rusku a dom\u00e1c\u00ed opozici, je\u0161t\u011b v\u011bt\u0161\u00ed vyhazov\u00e1n\u00ed ve\u0159ejn\u00fdch pen\u011bz a\u0165 u\u017e na financov\u00e1n\u00ed v\u00e1lky na Ukrajin\u011b, nebo na financov\u00e1n\u00ed pomoci uprchl\u00edk\u016fm. V mezin\u00e1rodn\u00edm m\u011b\u0159\u00edtku pak \u010cR uk\u00e1zala Spojen\u00fdm st\u00e1t\u016fm, \u017ee je jejich ps\u00edkem, na kter\u00e9ho sta\u010d\u00ed hv\u00edzdnout a on b\u011b\u017e\u00ed. Tot\u00e9\u017e jasn\u011b vid\u00ed i evropsk\u00e9 zem\u011b, kter\u00e9 si ov\u0161em st\u00e1le siln\u011bji za\u010d\u00ednaj\u00ed uv\u011bdomovat, \u017ee z\u00e1jmy USA a z\u00e1jmy Evropy se v mnoha ohledech li\u0161\u00ed. A proto\u017ee ps\u00edkovi n\u011bkoho, s k\u00fdm nem\u00e1m spole\u010dn\u00fd z\u00e1jem, nen\u00ed d\u016fvod v\u011b\u0159it, tak byl spojeneck\u00fd potenci\u00e1l \u010cR v r\u00e1mci Evropy velmi oslaben. Dal\u0161\u00edm hr\u00e1\u010dem je Rusko, kter\u00e9 si ob\u011b tyto v\u011bci jist\u011b um\u00ed spo\u010d\u00edtat, tak\u017ee kdy\u017e bude v p\u0159\u00edpad\u011b dal\u0161\u00edho vyhrocen\u00ed situace cht\u00edt uk\u00e1zat, \u017ee sv\u00e1 slova o odhodl\u00e1n\u00ed pou\u017e\u00edt jadern\u00e9 zbran\u011b mysl\u00ed v\u00e1\u017en\u011b, tak je po\u0161le na hlavu pr\u00e1v\u011b n\u00e1m. A co pak ud\u011blaj\u00ed USA a Evropa? Zni\u010d\u00ed Zemi v celoplanet\u00e1rn\u00ed v\u00e1lce, nebo ob\u011btuj\u00ed \u0161t\u011bkaj\u00edc\u00edho ps\u00edka a pak uzav\u0159ou dohodu? Notabene v situaci, kdy se na chov\u00e1n\u00ed \u010cR v\u016f\u010di Rusku nevztahuje povinnost \u010dlen\u016f NATO n\u00e1m pomoci, proto\u017ee jsme se aktivn\u011b zapojili do konfliktu, kter\u00fd se net\u00fdkal ani n\u00e1s, ani jin\u00e9ho \u010dlena NATO. Za 24 hodin diplomatick\u00e9ho \u00fasil\u00ed takto sn\u00ed\u017eit v\u00e1hu a bezpe\u010dnost vlastn\u00ed zem\u011b je skute\u010dn\u011b ohromuj\u00edc\u00ed v\u00fdsledek. To, co d\u011bl\u00e1 vl\u00e1da, je c\u00edlen\u00e1 bezpe\u010dnostn\u00ed, politick\u00e1 a ekonomick\u00e1 likvidace \u010cesk\u00e9 republiky. D\u016fsledky budou katastrof\u00e1ln\u00ed.<\/p>\n<p><strong>Neodpov\u011bd\u011bl jste mi na ot\u00e1zku, pro\u010d zpochyb\u0148ujete, \u017ee tehdy Petr Fiala byl skute\u010dn\u011b v Kyjev\u011b.<\/strong><\/p>\n<p>Jednak jsou tady jist\u00e9 \u010dasov\u00e9 nesrovnalosti, ale nejd\u016fle\u017eit\u011bj\u0161\u00ed je, \u017ee nev\u011b\u0159\u00edm, \u017ee by na\u0161e tajn\u00e9 slu\u017eby p\u0159ipustily takov\u00e9 riziko. Je prakticky jist\u00e9, \u017ee kdyby pan Fiala opravdu dojel do Kyjeva, tak by se \u017eiv\u00fd nevr\u00e1til.<\/p>\n<p><strong>Mysl\u00edte, \u017ee by se jej Rusov\u00e9 pokusili zab\u00edt?<\/strong><\/p>\n<p>Rusov\u00e9 by ze zabit\u00ed t\u0159\u00ed premi\u00e9r\u016f a jednoho prezidenta zem\u00ed EU a NATO m\u011bli jen pot\u00ed\u017ee. Takov\u00e1 v\u011bc by jist\u011b vedla k dal\u0161\u00ed eskalaci nap\u011bt\u00ed, dal\u0161\u00edmu vybi\u010dov\u00e1n\u00ed emoc\u00ed, a nedalo by se vylou\u010dit ani n\u011bjak\u00e9 zapojen\u00ed NATO do konfliktu. To ale nen\u00ed ani v z\u00e1jmu Rus\u016f, a dokonce ani v z\u00e1jmu USA a NATO. V\u0161imn\u011bte si, jak prezident Biden jasn\u011b \u0159\u00edk\u00e1, \u017ee USA v\u00e1lku s Ruskem necht\u011bj\u00ed, a jak tak\u00e9 Ameri\u010dan\u00e9 d\u00e1vaj\u00ed pozor na to, aby jejich lod\u011b a letadla byly daleko od rusk\u00e9ho \u00fazem\u00ed \u2013 riziko n\u011bjak\u00e9 chyby a n\u00e1sledn\u00e9 eskalace konfliktu je zkr\u00e1tka p\u0159\u00edli\u0161 vysok\u00e9 na to, aby se tam motali. Je tedy prakticky jist\u00e9, \u017ee kdyby vlak s panem Fialou opravdu byl na ukrajinsk\u00e9m \u00fazem\u00ed, tak by Rusov\u00e9 a Ameri\u010dani d\u011blali v\u0161echno pro to, aby mu zajistili bezpe\u010d\u00ed. Ani jejich spojen\u00e9 \u00fasil\u00ed by ale nedok\u00e1zalo stoprocentn\u011b garantovat, \u017ee to n\u011bkdo s erp\u00e9g\u00e9\u010dkem do toho vlaku opravdu nenasype, a ani jejich spojen\u00e9 \u00fasil\u00ed by nedok\u00e1zalo vyvr\u00e1tit tvrzen\u00ed, \u017ee to byli Rusov\u00e9.<\/p>\n<p><strong>A kdo by tedy m\u011bl z\u00e1jem na \u00fatoku na vlak s premi\u00e9rem \u010cR?<\/strong><\/p>\n<p>P\u0159ece ten, kdo nejv\u00edc usiluje o zapojen\u00ed NATO do v\u00e1lky na Ukrajin\u011b, tedy sou\u010dasn\u00fd ukrajinsk\u00fd re\u017eim.<\/p>\n<p><strong>M\u00edn\u00edte, \u017ee by po vlaku t\u0159\u00ed evropsk\u00fdch premi\u00e9r\u016f a jednoho prezidenta mohli vyst\u0159elit sami Ukrajinci? \u017de by st\u0159\u00edleli po lidech, kte\u0159\u00ed jim jedou vyj\u00e1d\u0159it podporu?<\/strong><\/p>\n<p>T\u0159i mrtv\u00ed premi\u00e9\u0159i evropsk\u00fdch zem\u00ed, zabit\u00ed Rusy na Ukrajin\u011b, by pro ukrajinsk\u00fd re\u017eim m\u011bli nesrovnateln\u011b v\u011bt\u0161\u00ed hodnotu ne\u017e t\u0159i \u017eiv\u00ed premi\u00e9\u0159i evropsk\u00fdch zem\u00ed, a\u0165 u\u017e \u0159\u00edkaj\u00ed \u010di d\u011blaj\u00ed cokoli.<\/p>\n<p>&nbsp;<\/p>\n<section class=\"section-brown section-inarticle poll gallery\">\n<div class=\"well well-rounded\">\n<h2>Fotogalerie: &#8211; ODS. Kongres. 30.<\/h2>\n<div class=\"row\">\n<div class=\"col-md-2\"><a href=\"https:\/\/www.parlamentnilisty.cz\/galerie\/foto\/ODS-Kongres-30-13156#1\"><img decoding=\"async\" src=\"https:\/\/cms.parlamentnilisty.cz\/image.ashx?w=164&amp;h=120&amp;f=1_637850396551887251.jpg&amp;id=168737\" alt=\"30. kongres ODS v hale O2 Universum\" \/><\/a><\/div>\n<div class=\"col-md-2\"><a href=\"https:\/\/www.parlamentnilisty.cz\/galerie\/foto\/ODS-Kongres-30-13156#2\"><img decoding=\"async\" src=\"https:\/\/cms.parlamentnilisty.cz\/image.ashx?w=164&amp;h=120&amp;f=IMG_9179_637850397462225661.jpg&amp;id=168738\" alt=\"30. kongres ODS v hale O2 Universum\" \/><\/a><\/div>\n<div class=\"col-md-2\"><a href=\"https:\/\/www.parlamentnilisty.cz\/galerie\/foto\/ODS-Kongres-30-13156#3\"><img decoding=\"async\" src=\"https:\/\/cms.parlamentnilisty.cz\/image.ashx?w=164&amp;h=120&amp;f=IMG_9196_637850397741558011.jpg&amp;id=168739\" alt=\"30. kongres ODS v hale O2 Universum\" \/><\/a><\/div>\n<div class=\"col-md-2\"><a href=\"https:\/\/www.parlamentnilisty.cz\/galerie\/foto\/ODS-Kongres-30-13156#4\"><img decoding=\"async\" src=\"https:\/\/cms.parlamentnilisty.cz\/image.ashx?w=164&amp;h=120&amp;f=IMG_9205_637850398003504923.jpg&amp;id=168740\" alt=\"30. kongres ODS v hale O2 Universum\" \/><\/a><\/div>\n<div class=\"col-md-2\"><a href=\"https:\/\/www.parlamentnilisty.cz\/galerie\/foto\/ODS-Kongres-30-13156#5\"><img decoding=\"async\" src=\"https:\/\/cms.parlamentnilisty.cz\/image.ashx?w=164&amp;h=120&amp;f=IMG_9226_637850398655625414.jpg&amp;id=168742\" alt=\"30. kongres ODS v hale O2 Universum\" \/><\/a><\/div>\n<div class=\"col-md-2\"><a href=\"https:\/\/www.parlamentnilisty.cz\/galerie\/foto\/ODS-Kongres-30-13156#6\"><img decoding=\"async\" src=\"https:\/\/cms.parlamentnilisty.cz\/image.ashx?w=164&amp;h=120&amp;f=IMG_9243_637850398883774955.jpg&amp;id=168743\" alt=\"30. kongres ODS v hale O2 Universum\" \/><\/a><\/div>\n<\/div>\n<\/div>\n<\/section>\n<p>&nbsp;<\/p>\n<p><strong>Skute\u010dn\u011b jste p\u0159esv\u011bd\u010den\u00fd o tom, \u017ee by Ukrajinci byli schopni zab\u00edt premi\u00e9ra spojeneck\u00e9 zem\u011b? To jsou p\u0159ece \u0161\u00edlen\u00e9 konspira\u010dn\u00ed teorie.\u00a0<\/strong><\/p>\n<p>Ano, je to nemor\u00e1ln\u00ed, ale jde o v\u00e1lku, ve kter\u00e9 um\u00edraj\u00ed lid\u00e9, a z ukrajinsk\u00e9ho pohledu by \u0161lo pouze o p\u00e1r dal\u0161\u00edch mrtv\u00fdch cizinc\u016f. Nav\u00edc man\u00edk, kter\u00fd by dr\u017eel v ruce erp\u00e9g\u00e9\u010dko a m\u00ed\u0159il na vlak, by nejsp\u00ed\u0161 ani nev\u011bd\u011bl, po kom st\u0159\u00edl\u00ed, a i kdyby to v\u011bd\u011bl, tak mu to bude fuk. Skute\u010dn\u00e1 v\u00e1lka nen\u00ed film, kde v\u00edt\u011bz\u00ed ti nejv\u011bt\u0161\u00ed spr\u00e1v\u0148\u00e1ci, ale \u0159ezni\u010dina, kde jde jen o co nejv\u011bt\u0161\u00ed po\u0161kozen\u00ed protivn\u00edka. Kdy\u017e si na jednu stranu vah polo\u017e\u00edme v\u00fdznamn\u00e9 po\u0161kozen\u00ed Ruska a je\u0161t\u011b v\u011bt\u0161\u00ed vta\u017een\u00ed NATO do v\u00e1lky a na stranu druhou \u017eivot jednoho profesora politologie z Brna, tak nem\u016f\u017eeme pochybovat ani na okam\u017eik, co m\u00e1 pro Ukrajince v\u011bt\u0161\u00ed v\u00e1hu. Je to tak ale v po\u0159\u00e1dku \u2013 jde jim o jejich z\u00e1jmy, ne o n\u00e1s. A proto\u017ee v\u011b\u0159\u00edm, \u017ee si na\u0161e tajn\u00e9 slu\u017eby tato rizika uv\u011bdomuj\u00ed, a proto\u017ee je jasn\u00e9, \u017ee i kdyby si je neuv\u011bdomovaly, tak si je uv\u011bdomuj\u00ed slu\u017eby USA, a proto\u017ee nen\u00ed tajemstv\u00edm, \u017ee \u0161\u00e9f na\u0161ich tajn\u00fdch slu\u017eeb dostal od slu\u017eeb americk\u00fdch medaili vzorn\u00e9ho spolupracovn\u00edka, tak pokl\u00e1d\u00e1m za velmi nepravd\u011bpodobn\u00e9, \u017ee by cesta do Kyjeva byla re\u00e1ln\u00e1. Nav\u00edc jsou zde jist\u00e9 \u010dasov\u00e9 nesoulady, nevid\u011bli jsme jedinou fotku \u010di jin\u00fd d\u016fkaz, \u017ee by pan Fiala skute\u010dn\u011b v Kyjev\u011b byl, sch\u016fzky se ne\u00fa\u010dastnil starosta Kyjeva, pan Kli\u010dko, co\u017e by jinak bylo minim\u00e1ln\u011b z hlediska PR tak\u0159ka nemysliteln\u00e9&#8230; d\u016fvod\u016f k pochyb\u00e1m je zkr\u00e1tka velk\u00e9 mno\u017estv\u00ed.<\/p>\n<p><strong>Ch\u00e1pu to tak, \u017ee tvrd\u00edte, \u017ee sch\u016fzka, a\u0165 u\u017e prob\u011bhla kdekoli, byla \u0159\u00edzena USA. Co by z toho USA ale m\u011bly? S\u00e1m jste \u0159\u00edkal, \u017ee Ameri\u010dan\u00e9 o v\u00e1lku s Ruskem nestoj\u00ed.<\/strong><\/p>\n<p>Copak j\u00e1, na mn\u011b moc nez\u00e1le\u017e\u00ed, \u0159\u00edk\u00e1 to ale hlavn\u011b prezident USA. To, \u017ee USA nestoj\u00ed o v\u00e1lku s Ruskem, ale p\u0159ece v\u016fbec neznamen\u00e1, \u017ee nestoj\u00ed o v\u00e1lku mezi Ukrajinou a Ruskem \u2013 o tu naopak stoj\u00ed velmi. \u010c\u00edm v\u00edce a d\u00e9le se bude na Ukrajin\u011b v\u00e1l\u010dit, t\u00edm v\u00edc na tom Amerika vyd\u011bl\u00e1, a t\u00edm v\u00edce Evropa prod\u011bl\u00e1. Proto budou USA v\u00e1l\u010dit s Ruskem do posledn\u00edho Ukrajince. \u017divoty Ukrajinc\u016f, Rus\u016f, ale t\u0159eba i \u010cech\u016f maj\u00ed pro Ameri\u010dany \u010di Brity stejnou hodnotu jako t\u0159eba \u017eivoty Afri\u010dan\u016f. Jsme jim lhostejn\u00ed.<\/p>\n<p><strong>USA jsou na\u0161\u00edm spojencem.<\/strong><\/p>\n<p>A jak se to spojenectv\u00ed projevuje? \u017de n\u00e1m prodaj\u00ed zbran\u011b? To by r\u00e1d ud\u011blal ka\u017ed\u00fd. \u017de n\u00e1m prodaj\u00ed sv\u016fj drah\u00fd plyn? To by r\u00e1d ud\u011blal ka\u017ed\u00fd. \u017de n\u00e1m za pen\u00edze, jestli to tedy v\u016fbec zvl\u00e1dnou, postav\u00ed jadernou elektr\u00e1rnu? I o to by m\u011bl z\u00e1jem ka\u017ed\u00fd. \u017de m\u016f\u017eeme za jejich z\u00e1jmy bojovat t\u0159eba v Afgh\u00e1nist\u00e1nu? \u017de ovl\u00e1daj\u00ed na\u0161i justici a politiku? Tomu by se jin\u00e9 zem\u011b tak\u00e9 jist\u011b nebr\u00e1nily. Ne, nevid\u00edm vztah dvou spojenc\u016f, ale jenom vztah p\u00e1na a vazala.<\/p>\n<p><strong>Zm\u00ednil jste z\u00e1m\u011br co nejv\u00edce natahovat v\u00e1lku na Ukrajin\u011b a \u017ee do toho z\u00e1m\u011bru zapad\u00e1 i setk\u00e1n\u00ed premi\u00e9ra Fialy s prezidentem Zelensk\u00fdm. Jak?<\/strong><\/p>\n<p>Prezident Zelensk\u00fd je symbol a jeho setk\u00e1n\u00ed s premi\u00e9ry zem\u00ed EU mu dod\u00e1v\u00e1 v\u00e1hu a Ukrajinc\u016fm chu\u0165 bojovat. \u017de by na Ukrajin\u011b pan Zelenskyj ale opravdu vl\u00e1dl, to si snad nemysl\u00ed ani ministr Lipavsk\u00fd, a to o n\u011bm opravdu nem\u00e1m vysok\u00e9 m\u00edn\u011bn\u00ed. Cel\u00e1 ta sch\u016fzka byla jen PR akc\u00ed v\u0161ech z\u00fa\u010dastn\u011bn\u00fdch. Na cel\u00e9 akci je zaj\u00edmav\u00e9 tak\u00e9 to, \u017ee o n\u00ed nebyli informov\u00e1ni ani vrcholn\u00ed evrop\u0161t\u00ed politici, kte\u0159\u00ed kdy\u017e se o n\u00ed dozv\u011bd\u011bli a do\u0161la jim v\u0161echna bezpe\u010dnostn\u00ed rizika, tak sv\u00e9 zd\u011b\u0161en\u00ed nedok\u00e1zali skr\u00fdvat. V\u0161ichni si jist\u011b pamatujeme, jak z Bruselu zn\u011blo, \u017ee pan Fiala riskuje t\u0159et\u00ed sv\u011btovou v\u00e1lku. V\u0161e ale podez\u0159ele rychle utichlo, z \u010deho\u017e lze soudit, \u017ee politici dostali informace o tom, \u017ee ve skute\u010dnosti \u017e\u00e1dn\u00e9 v\u00e1\u017en\u00e9 nebezpe\u010d\u00ed nehrozilo.<\/p>\n<p><strong>Z va\u0161ich slov m\u016f\u017ee plynout, \u017ee premi\u00e9r Fiala \u010deskou ve\u0159ejnost obelhal\u2026<\/strong><\/p>\n<p>To si nemysl\u00edm. Pravd\u011bpodobn\u011bj\u0161\u00ed je, \u017ee nejsp\u00ed\u0161 s\u00e1m nev\u00ed, kam vlastn\u011b dojel. P\u0159edstavte si, \u017ee jedete mnoho hodin zatemn\u011bn\u00fdm vlakem, d\u011bl\u00e1te PR fotky, jste unaven\u00fd, ospal\u00fd, vystresovan\u00fd a najednou v\u00e1m \u0159eknou, \u017ee jste v Kyjev\u011b, na n\u011bjak\u00e9 zabezpe\u010den\u00e9 koleji n\u011bkde stranou hlavn\u00edch n\u00e1stupi\u0161\u0165 a \u017ee okam\u017eit\u011b mus\u00edte do auta a rychle jet n\u011bkam do bunkru, proto\u017ee v\u0161ude kolem zu\u0159\u00ed bitva. V\u011bt\u0161ina lid\u00ed by v takov\u00e9 chv\u00edli nepoznala ani Wilsonovo n\u00e1dra\u017e\u00ed v Praze, nato\u017e n\u00e1dra\u017e\u00ed v Kyjev\u011b. \u010cR se t\u00edm ov\u0161em dostala do velmi nev\u00fdhodn\u00e9 pozice.<\/p>\n<p><strong>Pro\u010d?<\/strong><\/p>\n<p>Pokud pan Fiala v Kyjev\u011b skute\u010dn\u011b nebyl, co\u017e je velmi pravd\u011bpodobn\u00e9, tak jsme te\u010f v situaci, kdy na\u0161eho premi\u00e9ra m\u00e1 n\u011bkdo v hrsti tak pevn\u011b jako snad nikdy v historii.<\/p>\n<p><strong>Jak to mysl\u00edte?<\/strong><\/p>\n<p>Pan Fiala je te\u010f pro \u010d\u00e1st ob\u010dan\u016f hrdinou \u2013 takov\u00fd Rambo v obleku a helm\u011b na paintball. A nyn\u00ed si p\u0159edstavme, \u017ee by n\u011bkdo p\u0159i\u0161el a polo\u017eil na st\u016fl d\u016fkazy o tom, \u017ee ten jeho \u201evlak hrdinstv\u00ed\u201c byl nejd\u00e1l v Bialystoku. To je okam\u017eit\u00fd konec politick\u00e9 kari\u00e9ry a nav\u00edc ostuda. Tak\u017ee ten, kdo takov\u00fdmi d\u016fkazy disponuje, m\u00e1 na na\u0161eho premi\u00e9ra ohromnou p\u00e1ku. Nap\u0159\u00edklad ka\u017ed\u00fd, kdo m\u00e1 dru\u017eice schopn\u00e9 sledovat vlak.<\/p>\n<p><strong>To, co \u0159\u00edk\u00e1te, jsou ale jen spekulace.<\/strong><\/p>\n<p>Samoz\u0159ejm\u011b, j\u00e1 p\u0159ece nem\u00e1m dru\u017eici. Jen si d\u00e1v\u00e1m dohromady souvislosti. Je ale samoz\u0159ejm\u011b mo\u017en\u00e9, \u017ee se m\u00fdl\u00edm a \u017ee vlak s panem Fialou opravdu prorazil rusk\u00e9 obkl\u00ed\u010den\u00ed Kyjeva cestou tam i zp\u00e1tky. Je mo\u017en\u00e9 tak\u00e9 to, \u017ee Ukrajinci odolali poku\u0161en\u00ed vt\u00e1hnout NATO do v\u00e1lky, \u017ee se pan Fiala necht\u011bl vyfotit s Vitalijem Kli\u010dkem, \u017ee se Vitalij Kli\u010dko necht\u011bl vyfotit s panem Fialou ani s dal\u0161\u00edmi politiky z vlaku, \u017ee vlaky na v\u00e1le\u010dn\u00e9 Ukrajin\u011b jezd\u00ed velmi rychle, bezpe\u010dn\u011b a spolehliv\u011b a \u017ee pan Fiala necht\u011bl fotku n\u011bkde, kde by bylo jasn\u011b vid\u011bt, \u017ee je v Kyjev\u011b, abychom te\u010f mohli o jeho cest\u011b spekulovat. Je dokonce mo\u017en\u00e9 i to, \u017ee tajn\u00e9 slu\u017eby \u010cR a USA neum\u011bj\u00ed rozpoznat riziko, kter\u00e9 je jasn\u00e9 ka\u017ed\u00e9mu, kdo \u017eije v re\u00e1ln\u00e9m sv\u011bt\u011b, i to, \u017ee USA cht\u011bj\u00ed t\u0159et\u00ed sv\u011btovou v\u00e1lku, proto\u017ee si \u0159\u00edkaj\u00ed, \u017ee lidstvo u\u017e je na Zemi p\u0159\u00edli\u0161 dlouho, a je tedy \u010das na zm\u011bnu&#8230; ano, uzn\u00e1v\u00e1m, \u017ee to v\u0161e je mo\u017en\u00e9, jen mi to nep\u0159ipad\u00e1 moc pravd\u011bpodobn\u00e9.<\/p>\n","protected":false},"excerpt":{"rendered":"<p>Vy\u0161lo 04.05.2022 na: https:\/\/www.parlamentnilisty.cz\/arena\/rozhovory\/Foldyna-Rusko-Ukrajina-a-valka-Vety-ktere-by-bez-poslanecke-imunity-nerekl-701013 Rozhovor Vl\u00e1da ob\u010dany odst\u0159ihla od informac\u00ed, dost\u00e1v\u00e1 se k n\u00e1m pouze jednostrann\u00e1 propaganda a v\u00e1lku na Ukrajin\u011b tak nelze objektivn\u011b hodnotit. V rozhovoru pro Parlamentn\u00edListy.cz to \u0159\u00edk\u00e1 poslanec SPD Jaroslav Foldyna. Vl\u00e1dne n\u00e1m pr\u00fd koalice politick\u00fdch mamlas\u016f a ciz\u00edch poskok\u016f. Ministr Raku\u0161an podle n\u011bho l\u017ee, kdy\u017e \u0159\u00edk\u00e1, \u017ee pomoc Ukrajinc\u016fm nebude na \u00fakor \u010desk\u00fdch ob\u010dan\u016f. Koalice<\/p>\n","protected":false},"author":1,"featured_media":0,"comment_status":"closed","ping_status":"open","sticky":false,"template":"","format":"standard","meta":{"_exactmetrics_skip_tracking":false,"_exactmetrics_sitenote_active":false,"_exactmetrics_sitenote_note":"","_exactmetrics_sitenote_category":0,"footnotes":""},"categories":[1],"tags":[],"class_list":["post-824","post","type-post","status-publish","format-standard","hentry","category-ostatni"],"_links":{"self":[{"href":"https:\/\/spdpraha.cz\/index.php?rest_route=\/wp\/v2\/posts\/824","targetHints":{"allow":["GET"]}}],"collection":[{"href":"https:\/\/spdpraha.cz\/index.php?rest_route=\/wp\/v2\/posts"}],"about":[{"href":"https:\/\/spdpraha.cz\/index.php?rest_route=\/wp\/v2\/types\/post"}],"author":[{"embeddable":true,"href":"https:\/\/spdpraha.cz\/index.php?rest_route=\/wp\/v2\/users\/1"}],"replies":[{"embeddable":true,"href":"https:\/\/spdpraha.cz\/index.php?rest_route=%2Fwp%2Fv2%2Fcomments&post=824"}],"version-history":[{"count":1,"href":"https:\/\/spdpraha.cz\/index.php?rest_route=\/wp\/v2\/posts\/824\/revisions"}],"predecessor-version":[{"id":825,"href":"https:\/\/spdpraha.cz\/index.php?rest_route=\/wp\/v2\/posts\/824\/revisions\/825"}],"wp:attachment":[{"href":"https:\/\/spdpraha.cz\/index.php?rest_route=%2Fwp%2Fv2%2Fmedia&parent=824"}],"wp:term":[{"taxonomy":"category","embeddable":true,"href":"https:\/\/spdpraha.cz\/index.php?rest_route=%2Fwp%2Fv2%2Fcategories&post=824"},{"taxonomy":"post_tag","embeddable":true,"href":"https:\/\/spdpraha.cz\/index.php?rest_route=%2Fwp%2Fv2%2Ftags&post=824"}],"curies":[{"name":"wp","href":"https:\/\/api.w.org\/{rel}","templated":true}]}}