{"id":851,"date":"2023-09-08T19:40:09","date_gmt":"2023-09-08T18:40:09","guid":{"rendered":"https:\/\/spdpraha.cz\/?p=851"},"modified":"2023-10-08T21:21:28","modified_gmt":"2023-10-08T20:21:28","slug":"prispevek-nasi-zastupitelky-aleny-melzerove-do-radnicniho-casopisu-prahy-6-na-tema-pece-o-stromy","status":"publish","type":"post","link":"https:\/\/spdpraha.cz\/?p=851","title":{"rendered":"P\u0159\u00edsp\u011bvek na\u0161\u00ed zastupitelky Aleny Melzerov\u00e9 do radni\u010dn\u00edho \u010dasopisu Prahy 6 na t\u00e9ma p\u00e9\u010de o stromy"},"content":{"rendered":"<p style=\"font-weight: 400;\"><strong>Jak hodnoti\u0301te pe\u0301c\u030ci o stromy na u\u0301zemi\u0301 Prahy 6? <\/strong><\/p>\n<p style=\"font-weight: 400;\"><em>O kaz\u030cdy\u0301 strom je tr\u030ceba se starat. Nejme\u0301ne\u030c dva roky potr\u030cebuje zale\u0301vat, pak kontrolovat a pror\u030ceza\u0301vat korunu.<\/em><\/p>\n<p style=\"font-weight: 400;\"><strong>Alena Melzerova\u0301 (zastupitelsk\u00fd klub Trikolora+SPD)<\/strong><\/p>\n<p style=\"font-weight: 400;\">O svou zelen\u030c se Praha 6 stara\u0301 celkem dobr\u030ce. Vzhledem k velky\u0301m zeleny\u0301m plocha\u0301m neni\u0301 pe\u0301c\u030ce snadna\u0301, nicme\u0301ne\u030c zmi\u0301ni\u0301m ne\u030cktere\u0301 nedostatky. Obyvatele\u0301 Petr\u030cin krouti\u0301 hlavou nad ti\u0301m, z\u030ce napr\u030c. pr\u030ced Billou di\u0301ky s\u030cpatne\u0301 pe\u0301c\u030ci uschly stromy v kontejnerech, z\u030ce na obecni\u0301m prostranstvi\u0301 jsou vyka\u0301ceny zcela zdrave\u0301 smrky a ty nejsou nahrazeny. Majitele\u0301 soukromy\u0301ch zahrad by si zaslouz\u030cili c\u030caste\u030cjs\u030ci\u0301 pr\u030cistaveni\u0301 velkoobjemovy\u0301ch kontejneru\u030a na bioodpad (ne jenom na pa\u0301r hodin na jar\u030ce a na podzim). Maji\u0301 na sve\u0301m pozemku spoustu stromu\u030a, o ktere\u0301 se staraji\u0301 a ktere\u0301 vy\u0301razne\u030c zkvalitn\u030cuji\u0301 ovzdus\u030ci\u0301 vs\u030cem obyvatelu\u030am bez rozdi\u0301lu. Bylo by na mi\u0301ste\u030c, aby jim MC\u030c alespon\u030c trochu usnadnila pe\u0301c\u030ci o zelen\u030c pr\u030cistaveni\u0301m kontejneru\u030a vi\u0301cekra\u0301t v roce.<\/p>\n<p style=\"font-weight: 400;\">Stromy ve me\u030cste\u030c maji\u0301 vyleps\u030cit nepr\u030ci\u0301znivou situaci se s\u030cpatny\u0301m vzduchem a prachem. Na splne\u030cni\u0301 tohoto u\u0301kolu potr\u030cebuji\u0301 zelene\u0301 barvivo chlorofyl v listech nebo jehlic\u030ci\u0301, aby probe\u030chla fotosynte\u0301za. Ke smogovy\u0301m situaci\u0301m docha\u0301zi\u0301 nejvi\u0301ce be\u030chem topne\u0301 sezony od r\u030ci\u0301jna do br\u030cezna, kdy jsou listnate\u0301 stromy bez listi\u0301 \u2013 bez chlorofylu. V obdobi\u0301, kdy by\u0301va\u0301 nejhors\u030ci\u0301 vzduch, na\u0301m listna\u0301c\u030ce nepoma\u0301haji\u0301. Nejsem sama, koho zara\u0301z\u030ci\u0301 ni\u0301zky\u0301 az\u030c mizivy\u0301 podi\u0301l jehlic\u030cnanu\u030a na u\u0301zemi\u0301 Prahy 6. Neni\u0301 moz\u030cne\u0301 sa\u0301zet obc\u030cas odolne\u0301 druhy jehlic\u030cnanu\u030a do me\u030cst?<\/p>\n","protected":false},"excerpt":{"rendered":"<p>Jak hodnoti\u0301te pe\u0301c\u030ci o stromy na u\u0301zemi\u0301 Prahy 6? O kaz\u030cdy\u0301 strom je tr\u030ceba se starat. Nejme\u0301ne\u030c dva roky potr\u030cebuje zale\u0301vat, pak kontrolovat a pror\u030ceza\u0301vat korunu. Alena Melzerova\u0301 (zastupitelsk\u00fd klub Trikolora+SPD) O svou zelen\u030c se Praha 6 stara\u0301 celkem dobr\u030ce. Vzhledem k velky\u0301m zeleny\u0301m plocha\u0301m neni\u0301 pe\u0301c\u030ce snadna\u0301, nicme\u0301ne\u030c zmi\u0301ni\u0301m ne\u030cktere\u0301 nedostatky. Obyvatele\u0301 Petr\u030cin krouti\u0301 hlavou nad ti\u0301m, z\u030ce napr\u030c.<\/p>\n","protected":false},"author":39,"featured_media":0,"comment_status":"closed","ping_status":"open","sticky":false,"template":"","format":"standard","meta":{"_exactmetrics_skip_tracking":false,"_exactmetrics_sitenote_active":false,"_exactmetrics_sitenote_note":"","_exactmetrics_sitenote_category":0,"footnotes":""},"categories":[1],"tags":[103],"class_list":["post-851","post","type-post","status-publish","format-standard","hentry","category-ostatni","tag-praha-6"],"_links":{"self":[{"href":"https:\/\/spdpraha.cz\/index.php?rest_route=\/wp\/v2\/posts\/851","targetHints":{"allow":["GET"]}}],"collection":[{"href":"https:\/\/spdpraha.cz\/index.php?rest_route=\/wp\/v2\/posts"}],"about":[{"href":"https:\/\/spdpraha.cz\/index.php?rest_route=\/wp\/v2\/types\/post"}],"author":[{"embeddable":true,"href":"https:\/\/spdpraha.cz\/index.php?rest_route=\/wp\/v2\/users\/39"}],"replies":[{"embeddable":true,"href":"https:\/\/spdpraha.cz\/index.php?rest_route=%2Fwp%2Fv2%2Fcomments&post=851"}],"version-history":[{"count":1,"href":"https:\/\/spdpraha.cz\/index.php?rest_route=\/wp\/v2\/posts\/851\/revisions"}],"predecessor-version":[{"id":852,"href":"https:\/\/spdpraha.cz\/index.php?rest_route=\/wp\/v2\/posts\/851\/revisions\/852"}],"wp:attachment":[{"href":"https:\/\/spdpraha.cz\/index.php?rest_route=%2Fwp%2Fv2%2Fmedia&parent=851"}],"wp:term":[{"taxonomy":"category","embeddable":true,"href":"https:\/\/spdpraha.cz\/index.php?rest_route=%2Fwp%2Fv2%2Fcategories&post=851"},{"taxonomy":"post_tag","embeddable":true,"href":"https:\/\/spdpraha.cz\/index.php?rest_route=%2Fwp%2Fv2%2Ftags&post=851"}],"curies":[{"name":"wp","href":"https:\/\/api.w.org\/{rel}","templated":true}]}}