{"id":853,"date":"2023-10-08T21:23:56","date_gmt":"2023-10-08T20:23:56","guid":{"rendered":"https:\/\/spdpraha.cz\/?p=853"},"modified":"2023-10-08T21:27:39","modified_gmt":"2023-10-08T20:27:39","slug":"nase-zastupitelka-z-prahy-3-michaela-grzegorzova-o-prejmeovani-ulice-konevova","status":"publish","type":"post","link":"https:\/\/spdpraha.cz\/?p=853","title":{"rendered":"Na\u0161e zastupitelka z Prahy 3 Michaela Grzegorzov\u00e1 o p\u0159ejmeov\u00e1n\u00ed ulice Kon\u011bvova"},"content":{"rendered":"<h2><\/h2>\n<h2>Dehonestace d\u011bjin aneb zm\u011bna n\u00e1zvu ulice Kon\u011bvova na Hartigovu<a href=\"https:\/\/spdpraha.cz\/wp-content\/uploads\/2023\/10\/konevova-prejmenovani_denik-630-16x9-1.jpg\"><img loading=\"lazy\" decoding=\"async\" class=\"wp-image-855 alignleft\" src=\"https:\/\/spdpraha.cz\/wp-content\/uploads\/2023\/10\/konevova-prejmenovani_denik-630-16x9-1-300x169.jpg\" alt=\"\" width=\"324\" height=\"183\" srcset=\"https:\/\/spdpraha.cz\/wp-content\/uploads\/2023\/10\/konevova-prejmenovani_denik-630-16x9-1-300x169.jpg 300w, https:\/\/spdpraha.cz\/wp-content\/uploads\/2023\/10\/konevova-prejmenovani_denik-630-16x9-1-150x84.jpg 150w, https:\/\/spdpraha.cz\/wp-content\/uploads\/2023\/10\/konevova-prejmenovani_denik-630-16x9-1-400x225.jpg 400w, https:\/\/spdpraha.cz\/wp-content\/uploads\/2023\/10\/konevova-prejmenovani_denik-630-16x9-1.jpg 630w\" sizes=\"auto, (max-width: 324px) 100vw, 324px\" \/><\/a><\/h2>\n<h2><strong style=\"font-size: 16px;\">T\u00e9ma kter\u00e9 posledn\u00ed t\u00fdden rezonuje Prahou 3<\/strong><\/h2>\n<p>Jeliko\u017e pat\u0159\u00edm k lidem, kte\u0159\u00ed \u017eij\u00ed na \u017di\u017ekov\u011b ji\u017e n\u011bkolik\u00e1tou generaci, tak se m\u011b tato z\u00e1sadn\u00ed zm\u011bna dot\u00fdk\u00e1 osobn\u011b.O zm\u011bn\u011b n\u00e1zvu ulice rozhodlo b\u00fdval\u00e9 veden\u00ed radnice, \u00fadajn\u011b na z\u00e1klad\u011b obdr\u017een\u00e9 \u017e\u00e1dosti ob\u010dan\u016f Prahy 3. Pot\u00e9 m\u011bla prob\u011bhnout anketa a souhlasu \u010di nesouhlasu m\u00edstn\u00edch obyvatel. Nechci nikomu sahat do sv\u011bdom\u00ed, ale mluvila jsem s mnoha lidmi a nena\u0161la nikoho, komu by tato ot\u00e1zka byla polo\u017eena.<\/p>\n<section><\/section>\n<section class=\"article-content\">Kon\u011bvova ulice dlouh\u00e1 3,4km byla pojmenov\u00e1na v roce 1946 podle mar\u0161\u00e1la Ivana St\u011bpanovi\u010de Kon\u011bva a nese jeho jm\u00e9no 77 let. Pro ty kte\u0159\u00ed necht\u011bj\u00ed zn\u00e1t d\u011bjiny nebo se jakkoliv sna\u017e\u00ed je zm\u011bnit jsou tu hol\u00e1 fakta, pro\u010d pr\u00e1v\u011b tato absurdn\u00ed, naprosto zbyte\u010dn\u00e1 a byrokraticky velice n\u00e1ro\u010dn\u00e1 zm\u011bna n\u00e1zvu ulice je naprost\u00e1 ne\u00facta v\u016f\u010di ob\u011btem 2.sv\u011btov\u00e9 v\u00e1lky. Rud\u00e1 arm\u00e1da mar\u0161\u00e1la Kon\u011bva se v dubnu 1945 \u00fa\u010dastnila dobyt\u00ed Berl\u00edna. Spole\u010dn\u011b s \u010ceskoslovensk\u00fdmi odboj\u00e1\u0159i pak spole\u010dn\u011b osvobodila severn\u00ed, st\u0159edn\u00ed a v\u00fdchodn\u00ed \u010cechy a jako prvn\u00ed spojeneck\u00e1 arm\u00e1da v kv\u011btnu 1945 osvobodila tak\u00e9 Prahu, ve kter\u00e9\u00a0 navzdory kapitulaci N\u011bmecka prob\u00edhaly intenzivn\u00ed boje s nacisty, kte\u0159\u00ed se odm\u00edtali vzd\u00e1t. Pouze d\u00edky ob\u011btem t\u011bchto state\u010dn\u00fdch voj\u00e1k\u016f tu dnes \u0159ada z n\u00e1s m\u016f\u017ee b\u00fdt a tak rozhodn\u011b jim m\u00e1 pat\u0159it n\u00e1\u0161 d\u00edk a \u00facta.<\/section>\n<section class=\"article-content\">V\u011b\u0159\u00edm, \u017ee a\u017e v na\u0161\u00ed zemi op\u011bt zv\u00edt\u011bz\u00ed zdrav\u00fd rozum nad zfanatizovan\u00fdmi a zvr\u00e1cen\u00fdmi ideologiemi mnoha sm\u011br\u016f, tak nejzn\u00e1m\u011bj\u0161\u00ed ulice na \u017di\u017ekov\u011b ponese op\u011bt zp\u00e1tky sv\u00e9 jm\u00e9no, kter\u00e9 ji pr\u00e1vem n\u00e1le\u017e\u00ed. Do t\u00e9 doby mus\u00edme zatnout zuby a vydr\u017eet. P\u0159esto, \u017ee ofici\u00e1ln\u00ed n\u00e1zev ulice bude zat\u00edm jin\u00fd, tak pro n\u00e1s \u017di\u017ekov\u00e1ky to bude &#8221; Kon\u011bvka&#8221; nav\u017edy.<\/section>\n<section><\/section>\n<section>&#8212;&#8212;-<\/section>\n<section>Tento \u010dl\u00e1nek je takt\u00e9\u017e dostupn\u00fd na Parlamentn\u00edch listech: <em>https:\/\/www.parlamentnilisty.cz\/profily\/Michaela-Grzegorzova-155571\/clanek\/Dehonestace-dejin-aneb-zmena-nazvu-ulice-Konevova-na-Hartigovu-131739<\/em><\/section>\n","protected":false},"excerpt":{"rendered":"<p>Dehonestace d\u011bjin aneb zm\u011bna n\u00e1zvu ulice Kon\u011bvova na Hartigovu T\u00e9ma kter\u00e9 posledn\u00ed t\u00fdden rezonuje Prahou 3 Jeliko\u017e pat\u0159\u00edm k lidem, kte\u0159\u00ed \u017eij\u00ed na \u017di\u017ekov\u011b ji\u017e n\u011bkolik\u00e1tou generaci, tak se m\u011b tato z\u00e1sadn\u00ed zm\u011bna dot\u00fdk\u00e1 osobn\u011b.O zm\u011bn\u011b n\u00e1zvu ulice rozhodlo b\u00fdval\u00e9 veden\u00ed radnice, \u00fadajn\u011b na z\u00e1klad\u011b obdr\u017een\u00e9 \u017e\u00e1dosti ob\u010dan\u016f Prahy 3. Pot\u00e9 m\u011bla prob\u011bhnout anketa a souhlasu \u010di nesouhlasu m\u00edstn\u00edch obyvatel.<\/p>\n","protected":false},"author":39,"featured_media":0,"comment_status":"closed","ping_status":"open","sticky":false,"template":"","format":"standard","meta":{"_exactmetrics_skip_tracking":false,"_exactmetrics_sitenote_active":false,"_exactmetrics_sitenote_note":"","_exactmetrics_sitenote_category":0,"footnotes":""},"categories":[1],"tags":[100],"class_list":["post-853","post","type-post","status-publish","format-standard","hentry","category-ostatni","tag-praha-3"],"_links":{"self":[{"href":"https:\/\/spdpraha.cz\/index.php?rest_route=\/wp\/v2\/posts\/853","targetHints":{"allow":["GET"]}}],"collection":[{"href":"https:\/\/spdpraha.cz\/index.php?rest_route=\/wp\/v2\/posts"}],"about":[{"href":"https:\/\/spdpraha.cz\/index.php?rest_route=\/wp\/v2\/types\/post"}],"author":[{"embeddable":true,"href":"https:\/\/spdpraha.cz\/index.php?rest_route=\/wp\/v2\/users\/39"}],"replies":[{"embeddable":true,"href":"https:\/\/spdpraha.cz\/index.php?rest_route=%2Fwp%2Fv2%2Fcomments&post=853"}],"version-history":[{"count":3,"href":"https:\/\/spdpraha.cz\/index.php?rest_route=\/wp\/v2\/posts\/853\/revisions"}],"predecessor-version":[{"id":857,"href":"https:\/\/spdpraha.cz\/index.php?rest_route=\/wp\/v2\/posts\/853\/revisions\/857"}],"wp:attachment":[{"href":"https:\/\/spdpraha.cz\/index.php?rest_route=%2Fwp%2Fv2%2Fmedia&parent=853"}],"wp:term":[{"taxonomy":"category","embeddable":true,"href":"https:\/\/spdpraha.cz\/index.php?rest_route=%2Fwp%2Fv2%2Fcategories&post=853"},{"taxonomy":"post_tag","embeddable":true,"href":"https:\/\/spdpraha.cz\/index.php?rest_route=%2Fwp%2Fv2%2Ftags&post=853"}],"curies":[{"name":"wp","href":"https:\/\/api.w.org\/{rel}","templated":true}]}}