{"id":858,"date":"2023-10-19T23:29:55","date_gmt":"2023-10-19T22:29:55","guid":{"rendered":"https:\/\/spdpraha.cz\/?p=858"},"modified":"2023-10-19T23:31:30","modified_gmt":"2023-10-19T22:31:30","slug":"nove-cislo-casopisu-osmicka-schvaleno","status":"publish","type":"post","link":"https:\/\/spdpraha.cz\/?p=858","title":{"rendered":"Nov\u00e9 \u010d\u00edslo \u010dasopisu Osmi\u010dka schv\u00e1leno"},"content":{"rendered":"<p>Dnes prob\u011bhla redak\u010dn\u00ed rada \u010dasopisu Osmi\u010dka. Po tradi\u010dn\u00ed z\u00e1v\u011bre\u010dn\u00e9 \u00faprav\u011b obsahu dnes do\u0161lo tak\u00e9 na jednu v\u00fdznamnou zm\u011bnu.<br \/>\nOd roku 2006 fungovala tradi\u010dn\u00ed rubrika \u201cF\u00f3rum zastupitel\u016f\u201d, kde v\u017edy jeden klub polo\u017eil ot\u00e1zku a ka\u017ed\u00fd klub n\u00e1sledn\u011b odpov\u011bd\u011bl.<br \/>\nOd p\u0159\u00ed\u0161t\u00edho \u010d\u00edsla bude rubrika zru\u0161ena a nahrazena rubrikou Hyde Park zastupitel\u016f Prahy 8.<br \/>\nZde se bude ka\u017ed\u00fd klub vyjad\u0159ovat k aktu\u00e1ln\u00edmu d\u011bn\u00ed na Praze 8.<br \/>\nZm\u011bnu jsem samoz\u0159ejm\u011b podpo\u0159il.<\/p>\n<p><em>V\u00edt\u011bzslav Nov\u00e1k, p\u0159edseda zastupitelsk\u00e9ho klubu SPD a TRIKOLORA pro Osmi\u010dku\u00a0<a href=\"https:\/\/spdpraha.cz\/wp-content\/uploads\/2023\/10\/6c77b2dc-6821-47f4-a364-2d91ec200a73.jpeg\"><img loading=\"lazy\" decoding=\"async\" class=\"wp-image-859 alignright\" src=\"https:\/\/spdpraha.cz\/wp-content\/uploads\/2023\/10\/6c77b2dc-6821-47f4-a364-2d91ec200a73-300x192.jpeg\" alt=\"\" width=\"289\" height=\"185\" srcset=\"https:\/\/spdpraha.cz\/wp-content\/uploads\/2023\/10\/6c77b2dc-6821-47f4-a364-2d91ec200a73-300x192.jpeg 300w, https:\/\/spdpraha.cz\/wp-content\/uploads\/2023\/10\/6c77b2dc-6821-47f4-a364-2d91ec200a73-150x96.jpeg 150w, https:\/\/spdpraha.cz\/wp-content\/uploads\/2023\/10\/6c77b2dc-6821-47f4-a364-2d91ec200a73-400x256.jpeg 400w, https:\/\/spdpraha.cz\/wp-content\/uploads\/2023\/10\/6c77b2dc-6821-47f4-a364-2d91ec200a73.jpeg 630w\" sizes=\"auto, (max-width: 289px) 100vw, 289px\" \/><\/a><\/em><\/p>\n","protected":false},"excerpt":{"rendered":"<p>Dnes prob\u011bhla redak\u010dn\u00ed rada \u010dasopisu Osmi\u010dka. Po tradi\u010dn\u00ed z\u00e1v\u011bre\u010dn\u00e9 \u00faprav\u011b obsahu dnes do\u0161lo tak\u00e9 na jednu v\u00fdznamnou zm\u011bnu. Od roku 2006 fungovala tradi\u010dn\u00ed rubrika \u201cF\u00f3rum zastupitel\u016f\u201d, kde v\u017edy jeden klub polo\u017eil ot\u00e1zku a ka\u017ed\u00fd klub n\u00e1sledn\u011b odpov\u011bd\u011bl. Od p\u0159\u00ed\u0161t\u00edho \u010d\u00edsla bude rubrika zru\u0161ena a nahrazena rubrikou Hyde Park zastupitel\u016f Prahy 8. Zde se bude ka\u017ed\u00fd klub vyjad\u0159ovat k aktu\u00e1ln\u00edmu d\u011bn\u00ed<\/p>\n","protected":false},"author":39,"featured_media":0,"comment_status":"closed","ping_status":"open","sticky":false,"template":"","format":"standard","meta":{"_exactmetrics_skip_tracking":false,"_exactmetrics_sitenote_active":false,"_exactmetrics_sitenote_note":"","_exactmetrics_sitenote_category":0,"footnotes":""},"categories":[1],"tags":[105],"class_list":["post-858","post","type-post","status-publish","format-standard","hentry","category-ostatni","tag-praha-8"],"_links":{"self":[{"href":"https:\/\/spdpraha.cz\/index.php?rest_route=\/wp\/v2\/posts\/858","targetHints":{"allow":["GET"]}}],"collection":[{"href":"https:\/\/spdpraha.cz\/index.php?rest_route=\/wp\/v2\/posts"}],"about":[{"href":"https:\/\/spdpraha.cz\/index.php?rest_route=\/wp\/v2\/types\/post"}],"author":[{"embeddable":true,"href":"https:\/\/spdpraha.cz\/index.php?rest_route=\/wp\/v2\/users\/39"}],"replies":[{"embeddable":true,"href":"https:\/\/spdpraha.cz\/index.php?rest_route=%2Fwp%2Fv2%2Fcomments&post=858"}],"version-history":[{"count":4,"href":"https:\/\/spdpraha.cz\/index.php?rest_route=\/wp\/v2\/posts\/858\/revisions"}],"predecessor-version":[{"id":863,"href":"https:\/\/spdpraha.cz\/index.php?rest_route=\/wp\/v2\/posts\/858\/revisions\/863"}],"wp:attachment":[{"href":"https:\/\/spdpraha.cz\/index.php?rest_route=%2Fwp%2Fv2%2Fmedia&parent=858"}],"wp:term":[{"taxonomy":"category","embeddable":true,"href":"https:\/\/spdpraha.cz\/index.php?rest_route=%2Fwp%2Fv2%2Fcategories&post=858"},{"taxonomy":"post_tag","embeddable":true,"href":"https:\/\/spdpraha.cz\/index.php?rest_route=%2Fwp%2Fv2%2Ftags&post=858"}],"curies":[{"name":"wp","href":"https:\/\/api.w.org\/{rel}","templated":true}]}}