{"id":864,"date":"2023-10-19T23:34:24","date_gmt":"2023-10-19T22:34:24","guid":{"rendered":"https:\/\/spdpraha.cz\/?p=864"},"modified":"2023-10-19T23:35:16","modified_gmt":"2023-10-19T22:35:16","slug":"valdstejnska-beseda-c-5-2023-bezpecnost-v-praze-a-ve-stredoceskem-kraji","status":"publish","type":"post","link":"https:\/\/spdpraha.cz\/?p=864","title":{"rendered":"Vald\u0161tejnsk\u00e1 beseda \u010d. 5\/2023: Bezpe\u010dnost v Praze a ve St\u0159edo\u010desk\u00e9m kraji"},"content":{"rendered":"<p>Bezpe\u010dnostn\u00ed situaci v Praze i ve St\u0159edo\u010desk\u00e9m kraji se neust\u00e1le zhor\u0161uje a magistr\u00e1t ani st\u00e1tn\u00ed org\u00e1ny nejsou schopny na tuto situaci adekv\u00e1tn\u011b reagovat. V n\u011bkter\u00fdch \u010d\u00e1stech hlavn\u00edho m\u011bsta u\u017e se d\u00edky tomu st\u00e1v\u00e1 situace ne\u00fanosnou. Shodli se na tom z\u00e1stupci politick\u00fdch stran na p\u00e1t\u00e9 Vald\u0161tejnsk\u00e9 debat\u011b, kter\u00e1 se konala 25. z\u00e1\u0159\u00ed v Praze ve Slovensk\u00e9m dom\u011b.<\/p>\n<p>Besedy na t\u00e9ma \u201eBezpe\u010dnost v Praze a ve St\u0159edo\u010desk\u00e9m kraji\u201c se z\u00fa\u010dastnili, zastupitelka za SPD na Praze 13 JUDr. Vladim\u00edra Bondarenkov\u00e1, p\u0159edseda pra\u017esk\u00e9ho hnut\u00ed ANO Ing. Ond\u0159ej Prokop, m\u00edstop\u0159edseda Trikol\u00f3ry Josef Sl\u00e1ma a za KS\u010cM Pavel Ambro\u017e. Pozvan\u00ed z\u00e1stupci ODS a Pir\u00e1t\u016f, se se debaty nez\u00fa\u010dastnili.<\/p>\n<p>Pavel Ambro\u017e, Josef Sl\u00e1ma, za hnut\u00ed SPD Praha Vladim\u00edra Bondarenkov\u00e1, Ond\u0159ej Prokop a moder\u00e1tor debaty.<\/p>\n<p>Podle Vladim\u00edry Bondarenkov\u00e9 se \u0161patn\u00e1 bezpe\u010dnost v Praze m\u016f\u017ee negativn\u011b projevit i pro St\u0159edo\u010dechy. \u201eJe t\u0159eba na tom je\u0161t\u011b d\u00e1le zapracovat, a hlavn\u011b nep\u0159ipustit je\u0161t\u011b dal\u0161\u00ed zhor\u0161ov\u00e1n\u00ed bezpe\u010dnosti. Podle Bondarenkov\u00e9 se bezpe\u010dnost li\u0161\u00ed v jednotliv\u00fdch \u010d\u00e1stech Prahy. \u201eKdy\u017e p\u016fjdete v noci na V\u00e1clav\u00e1ku, tak tam vid\u00edte \u017ee to nen\u00ed v po\u0159\u00e1dku a podobn\u011b hrozn\u00e1 byla situace na And\u011blu.\u201c Na And\u011blu podle n\u00ed doch\u00e1zelo dokonce k opakovan\u00fdm pokus\u016fm o vra\u017edy.<\/p>\n<p>Podle n\u00ed pomohla p\u0159\u00edtomnost policie, kter\u00e1 odradila vet\u0161\u00ed skupinky t\u011bchto krimin\u00e1ln\u00edch \u017eivl\u016f, zdr\u017eovat se na tomto m\u00edst\u011b a p\u00e1chat tak trestnou \u010dinnost. Podle Bondarenkov\u00e9 nesta\u010d\u00ed jen tyto krimin\u00e1ln\u00ed skupiny vyzvat k rozchodu a potom odej\u00edt, ale je t\u0159eba vynutit si, aby m\u011bstsk\u00e9ho str\u00e1\u017en\u00edka tyto skupiny poslechly a m\u00edsto opustily. V t\u00e9to souvislosti zm\u00ednila \u017e\u00e1douc\u00ed spolupr\u00e1ci mezi m\u011bstskou polici\u00ed a polici\u00ed \u010cR.<\/p>\n<p>V Praze je t\u0159eba bezpe\u010dnost neust\u00e1le hl\u00eddat, nebo\u0165 souvis\u00ed i s celost\u00e1tn\u00ed bezpe\u010dnost\u00ed. \u201eJe to o tom, koho si pust\u00edme, \u010di nepust\u00edme do \u010cesk\u00e9 republiky u\u017e na hranic\u00edch. Hodn\u011b se mluv\u00ed o Schengenu, ale je t\u0159eba zohlednit, kdy\u017e za\u010dne velk\u00e1 migra\u010dn\u00ed vlna, kdo k n\u00e1m p\u0159ich\u00e1z\u00ed. A rozhodn\u011b to nejsou dokto\u0159i a in\u017een\u00fd\u0159i jak n\u00e1m n\u011bkdy vl\u00e1da a m\u00e9dia \u0159\u00edkaj\u00ed.\u201c<\/p>\n<p><em>\/Vladim\u00edra Bondarenkov\u00e1\/<\/em><\/p>\n<p>Zvl\u00e1\u0161tn\u00ed riziko p\u0159edstavuje podle Bondarenkov\u00e9 tzv. ekonomick\u00e1 migrace, nebo\u0165 nev\u00edme, co zde budou ti lid\u00e9 d\u011blat, zda jen projdou nebo se zde zdr\u017e\u00ed a budou zde p\u00e1chat trestnou \u010dinnost. A pak rychle zmiz\u00ed do zahrani\u010d\u00ed, jako v p\u0159\u00edpad\u011b zn\u00e1m\u00e9ho gangu kaps\u00e1\u0159\u016f. To je sice kriminalita, kter\u00e1 n\u00e1s tr\u00e1p\u00ed, ale nen\u00ed zdaleka tak nebezpe\u010dn\u00e1 jako n\u00e1siln\u00e1 kriminalita, kdy\u017e n\u00e1m za\u010dne stoupat jako dnes po\u010det vra\u017ed a n\u00e1siln\u00fdch loupe\u017en\u00fdch p\u0159epaden\u00ed.<\/p>\n<p>\u201eN\u00e1siln\u00e1 kriminalita je nejv\u011bt\u0161\u00ed probl\u00e9m. Nechceme se dostat na \u00farove\u0148 n\u011bkter\u00fdch z\u00e1padn\u00edch st\u00e1t\u016f, jejich\u017e p\u0159edstavitel\u00e9 hl\u00e1sali my to zvl\u00e1dneme a nezvl\u00e1dly to.\u201c Kriminalitu je tedy podle n\u00ed t\u0159eba \u0159e\u0161it na celost\u00e1tn\u00ed \u00farovni. V prvn\u00ed \u0159ad\u011b je tedy t\u0159eba \u0159e\u0161it kriminalitu na celost\u00e1tn\u00ed \u00farovni, nebo\u0165 na t\u00e9 m\u00edstn\u00ed u\u017e se s t\u00edm ned\u00e1 tolik d\u011blat. Podle Bondarenkov\u00e9 je chv\u00e1lyhodn\u00e9 nav\u00fd\u0161it po\u010det policist\u016f, jak st\u00e1tn\u00edch tak obecn\u00edch v ulic\u00edch, ale nejlep\u0161\u00ed je podle n\u00ed prevence a nevpou\u0161t\u011bt na na\u0161e \u00fazem\u00ed problematick\u00e9 osoby.<\/p>\n<p>Podle pra\u017esk\u00e9ho p\u0159edsedy hnut\u00ed ANO Ond\u0159eje Prokopa se bezpe\u010dnostn\u00ed situace Praze a ve St\u0159edo\u010desk\u00e9m kraji st\u00e1le zhor\u0161uje. \u201eI podle sv\u011btov\u00fdch \u017eeb\u0159\u00ed\u010dk\u016f kriminality jsme klesli, ale bohu\u017eel to n\u011bkdo ne\u0159e\u0161\u00ed. Pr\u00e1v\u011b zhor\u0161uj\u00edc\u00ed se bezpe\u010dnostn\u00ed situaci vid\u00edme jako hnut\u00ed ANO jako jeden z velk\u00fdch probl\u00e9m\u016f. ANO je podle Prokopa p\u0159ipraveno p\u0159edlo\u017eit celou \u0159adu n\u00e1vrh\u016f, kter\u00e9 by vedly ke zlep\u0161en\u00ed<\/p>\n<p>sou\u010dasn\u00e9ho stavu, ale sou\u010dasnou vl\u00e1dn\u00ed a pota\u017emo magistr\u00e1tn\u00ed koalici t\u00e9ma bezpe\u010dnosti v Praze a ve St\u0159edo\u010desk\u00e9m kraji p\u0159\u00edli\u0161 nezaj\u00edm\u00e1.<\/p>\n<p><em>\/Ond\u0159ej Prokop s moder\u00e1torem debaty\/<\/em><\/p>\n<p>D\u016fkazem je podle n\u011bho i to, \u017ee se nikdo z p\u0159izvan\u00fdch vl\u00e1dn\u00edch politik\u016f na besedu nedostavil. Na podporu sv\u00fdch tvrzen\u00ed o zhor\u0161uj\u00edc\u00ed se bezpe\u010dnostn\u00ed situaci citoval n\u011bkolik p\u0159\u00edpad\u016f zn\u00e1siln\u011bn\u00ed, ke kter\u00fdm do\u0161lo v minulosti v Praze, a kter\u00e9 policie nebyla schopna objasnit i kdy\u017e stopy podle v\u00fdpov\u011bd\u00ed m\u00ed\u0159\u00ed k cizinc\u016fm. V centru Prahy podle Prokopa vl\u00e1dne kokain, co\u017e potvrdil i rozbor odpadn\u00edch vod.<\/p>\n<p>Za zvl\u00e1\u0161t\u011b alarmuj\u00edc\u00ed pova\u017euje Prokop zhor\u0161uj\u00edc\u00ed se drogovou situaci. Prokop tak\u00e9 kritizoval v\u00fdroky p\u0159edsedy drogov\u00e9 komise na magistr\u00e1tu Pavla B\u00e9ma, kter\u00fd v ned\u00e1vn\u00e9m rozhovoru prosazoval, aby drogov\u011b z\u00e1visl\u00fdm byly p\u0159id\u011bleny byty a nalezena pr\u00e1ce. To je podle Prokopa cesta do slep\u00e9 uli\u010dky. Sou\u010dasn\u00e1 magistr\u00e1tn\u00ed koalice nad probl\u00e9mem zvy\u0161uj\u00edc\u00ed se kriminality a n\u00e1r\u016fstu drogov\u011b z\u00e1visl\u00fdch zav\u00edr\u00e1 o\u010di a na\u0161lapuje okolo tohoto t\u0159askav\u00e9ho t\u00e9matu po \u0161pi\u010dk\u00e1ch a syst\u00e9mov\u011b ho ne\u0159e\u0161\u00ed.<\/p>\n<p>Podle Prokopa by pomohlo, kdyby Praha doplnila alespo\u0148 stavy m\u011bstsk\u00e9 policie, kter\u00e1 je v sou\u010dasnosti v podstavu. \u201eM\u00edsto toho, aby se d\u00e1valy byty magistr\u00e1tu fe\u0165\u00e1k\u016fm, tak je nab\u00eddn\u011bme jako benefit pro m\u011bstsk\u00e9 policisty. A za\u010dn\u011bme kone\u010dn\u011b metodicky \u0159\u00eddit m\u011bstskou policii, nebo\u0165 se domn\u00edv\u00e1m \u017ee metodicky dob\u0159e \u0159\u00edzena nen\u00ed.\u201c V n\u011bkter\u00fdch lokalit\u00e1ch za\u010d\u00edn\u00e1 b\u00fdt podle Prokopa bezpe\u010dnostn\u00ed situace tristn\u00ed. \u201eNejsme to jen narkomani, ale i situace s bezdomovci. Nap\u0159\u00edklad na Praze 10 pod Ji\u017en\u00ed spojkou, je cel\u00e9 stanov\u00e9 m\u011bste\u010dko bezdomovc\u016f a podobn\u00fdch m\u00edst je v Praze v\u00edce.\u201c<\/p>\n<p><em>\/Pavel Ambro\u017e a Josef Sl\u00e1ma\/<\/em><\/p>\n<p>Podle p\u0159edsedy pra\u017esk\u00e9 organizace Josefa Sl\u00e1my, by se Praha nem\u011bla srovn\u00e1vat s m\u011bsty jako je Berl\u00edn \u010di Pa\u0159\u00ed\u017e, kter\u00e9 si svou neuv\u00e1\u017eenou migra\u010dn\u00ed politikou na sou\u010dasn\u00e9 probl\u00e9my zad\u011bl\u00e1valy u\u017e dlouho. Zvy\u0161uj\u00edc\u00ed se kriminalita je podle Sl\u00e1my spojena tak\u00e9 s migrac\u00ed z v\u00fdchodu, zejm\u00e9na s Ukrajinci, kter\u00fdch do na\u0161\u00ed zem\u011b p\u0159i\u0161lo n\u011bkolik set tis\u00edc. \u201eNep\u0159ich\u00e1z\u00ed sem jen Mirkov\u00e9 Du\u0161\u00ednov\u00e9, ale tak\u00e9 lid\u00e9, kte\u0159\u00ed p\u0159edstavuj\u00ed bezpe\u010dnostn\u00ed riziko, a v budoucnu budou p\u0159edstavovat v\u00e1\u017en\u00fd bezpe\u010dnostn\u00ed probl\u00e9m.\u201c St\u00e1t je podle Sl\u00e1my nemocn\u00fd byrokraci\u00ed, tak\u017ee v\u011bt\u0161ina policist\u016f, m\u00edsto aby \u0159e\u0161ili probl\u00e9my na ulic\u00edch vypl\u0148uj\u00ed tabulky. \u201eJe t\u0159eba odbourat byrokracii,\u201c m\u00edn\u00ed Sl\u00e1ma.<\/p>\n<p>Z\u00e1stupce KS\u010cM Pavel Ambro\u017e vid\u00ed z\u00e1kladn\u00ed probl\u00e9m ve zm\u011bn\u011b politick\u00e9ho syst\u00e9mu, kter\u00fd n\u00e1m p\u0159inesl jin\u00e9 soci\u00e1ln\u00ed situace. Za z\u00e1sadn\u00ed probl\u00e9my pova\u017euje vzkv\u00e9taj\u00edc\u00ed hazard a prostituci. V t\u00e9to souvislosti pouk\u00e1zal zejm\u00e9na na kupl\u00ed\u0159stv\u00ed, kter\u00e9 je spole\u010dnost\u00ed trp\u011bno. Probl\u00e9m je pode n\u011bho i v tom, \u017ee i do tzv. drobn\u00e9 kriminality, jako jsou mal\u00e9 kr\u00e1de\u017ee apd. vstupuje ve st\u00e1le v\u011bt\u0161\u00ed m\u00ed\u0159e n\u00e1sil\u00ed.<\/p>\n<p>St\u00e1le \u010dast\u011bji, se podle n\u011bho pot\u00fdk\u00e1me s cizojazy\u010dn\u00fdmi mafiemi, kter\u00e9 ovl\u00e1daj\u00ed ulice, v\u010detn\u011b kaps\u00e1\u0159sk\u00fdch gang\u016f a \u017eebr\u00e1k\u016f. Ambro\u017e pouk\u00e1zal zejm\u00e9na na nebezpe\u010d\u00ed ukrajinsk\u00e9 mafie, kter\u00e1 m\u00e1 dnes v Praze a v cel\u00e9 republice siln\u00e9 postaven\u00ed, d\u00edky p\u0159\u00edchodu statis\u00edc\u016f migrant\u016f z v\u00fdchodu.<a href=\"https:\/\/spdpraha.cz\/wp-content\/uploads\/2023\/10\/Valdstejnska-beseda-Bezpecnost.png\"><img loading=\"lazy\" decoding=\"async\" class=\"alignleft wp-image-867 size-medium\" src=\"https:\/\/spdpraha.cz\/wp-content\/uploads\/2023\/10\/Valdstejnska-beseda-Bezpecnost-300x158.png\" alt=\"\" width=\"300\" height=\"158\" srcset=\"https:\/\/spdpraha.cz\/wp-content\/uploads\/2023\/10\/Valdstejnska-beseda-Bezpecnost-300x158.png 300w, https:\/\/spdpraha.cz\/wp-content\/uploads\/2023\/10\/Valdstejnska-beseda-Bezpecnost-150x79.png 150w, https:\/\/spdpraha.cz\/wp-content\/uploads\/2023\/10\/Valdstejnska-beseda-Bezpecnost-400x211.png 400w, https:\/\/spdpraha.cz\/wp-content\/uploads\/2023\/10\/Valdstejnska-beseda-Bezpecnost.png 629w\" sizes=\"auto, (max-width: 300px) 100vw, 300px\" \/><\/a><img loading=\"lazy\" decoding=\"async\" class=\"size-medium wp-image-865 alignleft\" src=\"https:\/\/spdpraha.cz\/wp-content\/uploads\/2023\/10\/Josef-Slama-a-Pavel-Ambroz-282x300.png\" alt=\"\" width=\"282\" height=\"300\" srcset=\"https:\/\/spdpraha.cz\/wp-content\/uploads\/2023\/10\/Josef-Slama-a-Pavel-Ambroz-282x300.png 282w, https:\/\/spdpraha.cz\/wp-content\/uploads\/2023\/10\/Josef-Slama-a-Pavel-Ambroz-141x150.png 141w, https:\/\/spdpraha.cz\/wp-content\/uploads\/2023\/10\/Josef-Slama-a-Pavel-Ambroz-400x426.png 400w, https:\/\/spdpraha.cz\/wp-content\/uploads\/2023\/10\/Josef-Slama-a-Pavel-Ambroz.png 462w\" sizes=\"auto, (max-width: 282px) 100vw, 282px\" \/><a href=\"https:\/\/spdpraha.cz\/wp-content\/uploads\/2023\/10\/Vladimira-Bondarenkova.png\"><img loading=\"lazy\" decoding=\"async\" class=\"size-medium wp-image-868 alignleft\" src=\"https:\/\/spdpraha.cz\/wp-content\/uploads\/2023\/10\/Vladimira-Bondarenkova-286x300.png\" alt=\"\" width=\"286\" height=\"300\" srcset=\"https:\/\/spdpraha.cz\/wp-content\/uploads\/2023\/10\/Vladimira-Bondarenkova-286x300.png 286w, https:\/\/spdpraha.cz\/wp-content\/uploads\/2023\/10\/Vladimira-Bondarenkova-143x150.png 143w, https:\/\/spdpraha.cz\/wp-content\/uploads\/2023\/10\/Vladimira-Bondarenkova.png 358w\" sizes=\"auto, (max-width: 286px) 100vw, 286px\" \/><\/a><\/p>\n","protected":false},"excerpt":{"rendered":"<p>Bezpe\u010dnostn\u00ed situaci v Praze i ve St\u0159edo\u010desk\u00e9m kraji se neust\u00e1le zhor\u0161uje a magistr\u00e1t ani st\u00e1tn\u00ed org\u00e1ny nejsou schopny na tuto situaci adekv\u00e1tn\u011b reagovat. V n\u011bkter\u00fdch \u010d\u00e1stech hlavn\u00edho m\u011bsta u\u017e se d\u00edky tomu st\u00e1v\u00e1 situace ne\u00fanosnou. Shodli se na tom z\u00e1stupci politick\u00fdch stran na p\u00e1t\u00e9 Vald\u0161tejnsk\u00e9 debat\u011b, kter\u00e1 se konala 25. z\u00e1\u0159\u00ed v Praze ve Slovensk\u00e9m dom\u011b. Besedy na t\u00e9ma \u201eBezpe\u010dnost<\/p>\n","protected":false},"author":39,"featured_media":0,"comment_status":"closed","ping_status":"open","sticky":false,"template":"","format":"standard","meta":{"_exactmetrics_skip_tracking":false,"_exactmetrics_sitenote_active":false,"_exactmetrics_sitenote_note":"","_exactmetrics_sitenote_category":0,"footnotes":""},"categories":[120,10],"tags":[],"class_list":["post-864","post","type-post","status-publish","format-standard","hentry","category-beseda","category-bezpecnost"],"_links":{"self":[{"href":"https:\/\/spdpraha.cz\/index.php?rest_route=\/wp\/v2\/posts\/864","targetHints":{"allow":["GET"]}}],"collection":[{"href":"https:\/\/spdpraha.cz\/index.php?rest_route=\/wp\/v2\/posts"}],"about":[{"href":"https:\/\/spdpraha.cz\/index.php?rest_route=\/wp\/v2\/types\/post"}],"author":[{"embeddable":true,"href":"https:\/\/spdpraha.cz\/index.php?rest_route=\/wp\/v2\/users\/39"}],"replies":[{"embeddable":true,"href":"https:\/\/spdpraha.cz\/index.php?rest_route=%2Fwp%2Fv2%2Fcomments&post=864"}],"version-history":[{"count":3,"href":"https:\/\/spdpraha.cz\/index.php?rest_route=\/wp\/v2\/posts\/864\/revisions"}],"predecessor-version":[{"id":871,"href":"https:\/\/spdpraha.cz\/index.php?rest_route=\/wp\/v2\/posts\/864\/revisions\/871"}],"wp:attachment":[{"href":"https:\/\/spdpraha.cz\/index.php?rest_route=%2Fwp%2Fv2%2Fmedia&parent=864"}],"wp:term":[{"taxonomy":"category","embeddable":true,"href":"https:\/\/spdpraha.cz\/index.php?rest_route=%2Fwp%2Fv2%2Fcategories&post=864"},{"taxonomy":"post_tag","embeddable":true,"href":"https:\/\/spdpraha.cz\/index.php?rest_route=%2Fwp%2Fv2%2Ftags&post=864"}],"curies":[{"name":"wp","href":"https:\/\/api.w.org\/{rel}","templated":true}]}}