{"id":918,"date":"2025-05-23T12:34:20","date_gmt":"2025-05-23T11:34:20","guid":{"rendered":"https:\/\/spdpraha.cz\/?p=918"},"modified":"2025-05-23T13:51:26","modified_gmt":"2025-05-23T12:51:26","slug":"problem-s-parkovanim-praha-1","status":"publish","type":"post","link":"https:\/\/spdpraha.cz\/?p=918","title":{"rendered":"Probl\u00e9m s parkov\u00e1n\u00edm Praha 1"},"content":{"rendered":"<p>zdroj: https:\/\/www.garaz.cz\/clanek\/servis-legislativa-praha-chtela-vyresit-problem-s-parkujicimi-dodavkami-na-chodnicich-digitalnimi-hodinami-dopadlo-to-jako-vzdycky-21014818<\/p>\n<header class=\"i_jH\" data-dot=\"tpl-mainHeader\" data-e2e=\"tpl-royalty-mainHeader\">\n<div class=\"f_jX\" data-dot=\"ogm-article-header\" data-e2e=\"ogm-article-header\">\n<h1 class=\"b_fW b_a4 speakable\">Praha cht\u011bla vy\u0159e\u0161it probl\u00e9m s\u00a0parkuj\u00edc\u00edmi dod\u00e1vkami na chodn\u00edc\u00edch digit\u00e1ln\u00edmi hodinami. Dopadlo to jako v\u017edycky<\/h1>\n<\/div>\n<div class=\"_5aec758c95362e74b21b33bd f_jC a_d\"><\/div>\n<div class=\"_60116f67fef1d683d7e3e850 f_jC a_d\">\n<div class=\"f_jx a_e\">\n<div class=\"f_jy\" data-dot=\"ogm-main-media\" data-e2e=\"ogm-main-media\">\n<figure class=\"d_cp\" data-dot=\"mol-figure\" data-dot-data=\"{&quot;mediaItemType&quot;:&quot;foto&quot;}\">\n<div class=\"b_a9 d_cq\">\n<div class=\"b_bh\" tabindex=\"0\" role=\"button\"><img loading=\"lazy\" decoding=\"async\" class=\"b_C b_A\" src=\"https:\/\/d62-a.sdn.cz\/d_62\/c_img_oZ_A\/nsLxLojIreywI0sDPcu0r\/4edf\/spalena.jpeg?fl=cro,47,0,1821,1024%7Cres,1200,,1%7Cjpg,80,,1\" sizes=\"auto, (min-width: 851px) 1000px, 100vw\" srcset=\"\/\/d62-a.sdn.cz\/d_62\/c_img_oZ_A\/nsLxLojIreywI0sDPcu0r\/4edf\/spalena.jpeg?fl=cro,47,0,1821,1024%7Cres,320,,1%7Cjpg,80,,1 320w, \/\/d62-a.sdn.cz\/d_62\/c_img_oZ_A\/nsLxLojIreywI0sDPcu0r\/4edf\/spalena.jpeg?fl=cro,47,0,1821,1024%7Cres,480,,1%7Cjpg,80,,1 480w, \/\/d62-a.sdn.cz\/d_62\/c_img_oZ_A\/nsLxLojIreywI0sDPcu0r\/4edf\/spalena.jpeg?fl=cro,47,0,1821,1024%7Cres,600,,1%7Cjpg,80,,1 600w, \/\/d62-a.sdn.cz\/d_62\/c_img_oZ_A\/nsLxLojIreywI0sDPcu0r\/4edf\/spalena.jpeg?fl=cro,47,0,1821,1024%7Cres,722,,1%7Cjpg,80,,1 722w, \/\/d62-a.sdn.cz\/d_62\/c_img_oZ_A\/nsLxLojIreywI0sDPcu0r\/4edf\/spalena.jpeg?fl=cro,47,0,1821,1024%7Cres,1024,,1%7Cjpg,80,,1 1024w, \/\/d62-a.sdn.cz\/d_62\/c_img_oZ_A\/nsLxLojIreywI0sDPcu0r\/4edf\/spalena.jpeg?fl=cro,47,0,1821,1024%7Cres,1280,,1%7Cjpg,80,,1 1280w, \/\/d62-a.sdn.cz\/d_62\/c_img_oZ_A\/nsLxLojIreywI0sDPcu0r\/4edf\/spalena.jpeg?fl=cro,47,0,1821,1024%7Cres,2560,,1%7Cjpg,80,,1 1821w\" width=\"1821\" height=\"1024\" \/><\/div>\n<p><span class=\"b_bc\" data-dot=\"atm-media-item-image-caption\"><span class=\"b_ba\"><span class=\"b_bb\">Foto: Mapy.com<\/span><\/span><\/span><\/p>\n<\/div>\n<\/figure>\n<\/div>\n<\/div>\n<\/div>\n<\/header>\n<div class=\"_58f737cb93981903618c915d f_jC a_d\"><\/div>\n<p class=\"b_a- f_js speakable\" data-dot=\"ogm-article-perex\">V Praze ve Sp\u00e1len\u00e9 ulici p\u0159i\u0161li s geni\u00e1ln\u00edm \u0159e\u0161en\u00edm, jak zajistit to, aby dod\u00e1vky z\u00e1sobuj\u00edc\u00ed obchody neparkovaly na chodn\u00edc\u00edch. Do m\u00edst nainstalovali digit\u00e1ln\u00ed parkovac\u00ed hodiny a dopadlo to tak, jak si v\u0161ichni mysleli.<\/p>\n<p data-dot=\"ogm-article-perex\"><!--more--><\/p>\n<div class=\"_680f6876e41017b13fb8d604 f_jC a_d\">\n<div class=\"f_jq\" data-e2e=\"ogm-article-layout\">\n<article class=\"f_jQ\" role=\"article\" aria-labelledby=\"accessibility-article\">\n<div class=\"f_jR\" data-dot=\"ogm-article-content\">\n<div class=\"d_fp mol-rich-content--for-article\">\n<div class=\"d_a- speakable\" data-dot=\"mol-paragraph\">\n<p class=\"b_a-\"><span class=\"atm-text-decorator\">V Praze se v\u00a0r\u00e1mci ulice N\u00e1rodn\u00ed d\u00e1 odbo\u010dit do ulice Sp\u00e1len\u00e1, kde hned ze za\u010d\u00e1tku \u010dek\u00e1 na \u0159idi\u010de n\u011bkolik dopravn\u00edch zna\u010dek. Prvn\u011b jde o\u00a0z\u00e1kaz vjezdu v\u0161ech motorov\u00fdch vozidel s\u00a0dodatkovou tabulkou mimo z\u00e1sobov\u00e1n\u00ed a\u00a0IZS.<\/span><\/p>\n<\/div>\n<div class=\"d_he\" data-dot=\"mol-document-links\" data-dot-data=\"{&quot;click&quot;:&quot;document-links&quot;}\">\n<div class=\"d_gb\" data-dot=\"mol-document-link\">\n<div class=\"l_gc\" data-dot=\"timeline-item\" data-e2e=\"content-item\">\n<div class=\"b_a9\">\n<div class=\"b_bh\" role=\"button\"><img loading=\"lazy\" decoding=\"async\" class=\"b_C b_A\" src=\"https:\/\/d62-a.sdn.cz\/d_62\/c_img_gR_v\/h7aQo\/praha.jpeg?fl=cro,0,254,2450,1378%7Cres,1200,,1%7Cjpg,80,,1\" sizes=\"auto, 132px\" srcset=\"\/\/d62-a.sdn.cz\/d_62\/c_img_gR_v\/h7aQo\/praha.jpeg?fl=cro,0,254,2450,1378%7Cres,240,,1%7Cjpg,80,,1 240w, \/\/d62-a.sdn.cz\/d_62\/c_img_gR_v\/h7aQo\/praha.jpeg?fl=cro,0,254,2450,1378%7Cres,320,,1%7Cjpg,80,,1 320w, \/\/d62-a.sdn.cz\/d_62\/c_img_gR_v\/h7aQo\/praha.jpeg?fl=cro,0,254,2450,1378%7Cres,480,,1%7Cjpg,80,,1 480w, \/\/d62-a.sdn.cz\/d_62\/c_img_gR_v\/h7aQo\/praha.jpeg?fl=cro,0,254,2450,1378%7Cres,600,,1%7Cjpg,80,,1 600w\" width=\"2450\" height=\"1378\" \/><\/div>\n<\/div>\n<div class=\"l_ga\">\n<h4 class=\"b_fW b_a7 l_ge\">Tak tohle je biz\u00e1r! V\u00a0Praze maj\u00ed semafor, kter\u00fd na\u0161tve ka\u017ed\u00e9ho \u0159idi\u010de. Aby v\u00e1s pustil, mus\u00edte ud\u011blat n\u011bco, co v\u00e1s v\u00a0auto\u0161kole nenau\u010dili<\/h4>\n<\/div>\n<\/div>\n<\/div>\n<\/div>\n<div class=\"d_a- speakable\" data-dot=\"mol-paragraph\">\n<p class=\"b_a-\"><span class=\"atm-text-decorator\">D\u00e1le je zde zna\u010dka <a class=\"b_aH\" href=\"https:\/\/www.garaz.cz\/clanek\/servis-legislativa-za-parkovani-na-mistech-pro-elektromobily-mohou-dostat-pokutu-i-ridici-elektromobilu-se-spalovakem-na-nich-stat-muzete-take-ale-21014490#utm_content=ribbonnews&amp;utm_term=p%20reserv%C3%A9&amp;utm_medium=hint&amp;utm_source=search.seznam.cz\" target=\"_blank\" rel=\"noopener\" data-dot=\"atm-link\">P Reserv\u00e9<\/a> s\u00a0dodatkovou tabulkou ur\u010duj\u00edc\u00ed, \u017ee jsou m\u00edsta vyhrazen\u00e1 pro z\u00e1sobov\u00e1n\u00ed a\u00a0jen na 15\u00a0minut.<\/span><\/p>\n<\/div>\n<div class=\"d_a- speakable\" data-dot=\"mol-paragraph\">\n<p class=\"b_a-\"><span class=\"atm-text-decorator\">Podle videa dvojice youtuber\u016f na kan\u00e1le Kluci z\u00a0Prahy tady m\u011bsto bojovalo s\u00a0t\u00edm, \u017ee na chodn\u00edc\u00edch \u010dasto parkovaly dod\u00e1vky a\u00a0jin\u00e9 z\u00e1sobovac\u00ed vozy. D\u016fvod? M\u00edsta vyhrazen\u00e1 pro z\u00e1sobov\u00e1n\u00ed toti\u017e byla obvykle zabran\u00e1 \u0159idi\u010di, kte\u0159\u00ed na m\u00edst\u011b parkovali neopr\u00e1vn\u011bn\u011b.<\/span><\/p>\n<\/div>\n<figure class=\"d_cp\" aria-label=\"Galerie Sn\u00edmek z\u00a0Google Maps ze z\u00e1\u0159\u00ed 2024\u00a0ukazuje p\u0159\u00edtomn\u00e9 dopravn\u00ed zna\u010den\u00ed. Vjezd a\u00a0parkov\u00e1n\u00ed je leg\u00e1ln\u011b umo\u017en\u011bno jen z\u00e1sobov\u00e1n\u00ed, pota\u017emo voz\u016fm IZS.\" data-dot=\"mol-figure\" data-dot-data=\"{&quot;mediaItemType&quot;:&quot;foto&quot;}\">\n<div class=\"b_a9 d_cq\">\n<div class=\"b_bh\" tabindex=\"0\" role=\"button\"><img loading=\"lazy\" decoding=\"async\" class=\"b_C b_A\" src=\"https:\/\/d62-a.sdn.cz\/d_62\/c_img_oZ_A\/kBkJRwehYCi00eC6oDPcnPB\/d766\/google-mapy.png?fl=cro,0,0,3006,1430%7Cres,1200,,1%7Cjpg,80,,1\" sizes=\"auto, (min-width: 851px) 700px, 100vw\" srcset=\"\/\/d62-a.sdn.cz\/d_62\/c_img_oZ_A\/kBkJRwehYCi00eC6oDPcnPB\/d766\/google-mapy.png?fl=cro,0,0,3006,1430%7Cres,320,,1%7Cjpg,80,,1 320w, \/\/d62-a.sdn.cz\/d_62\/c_img_oZ_A\/kBkJRwehYCi00eC6oDPcnPB\/d766\/google-mapy.png?fl=cro,0,0,3006,1430%7Cres,480,,1%7Cjpg,80,,1 480w, \/\/d62-a.sdn.cz\/d_62\/c_img_oZ_A\/kBkJRwehYCi00eC6oDPcnPB\/d766\/google-mapy.png?fl=cro,0,0,3006,1430%7Cres,600,,1%7Cjpg,80,,1 600w, \/\/d62-a.sdn.cz\/d_62\/c_img_oZ_A\/kBkJRwehYCi00eC6oDPcnPB\/d766\/google-mapy.png?fl=cro,0,0,3006,1430%7Cres,722,,1%7Cjpg,80,,1 722w, \/\/d62-a.sdn.cz\/d_62\/c_img_oZ_A\/kBkJRwehYCi00eC6oDPcnPB\/d766\/google-mapy.png?fl=cro,0,0,3006,1430%7Cres,1024,,1%7Cjpg,80,,1 1024w, \/\/d62-a.sdn.cz\/d_62\/c_img_oZ_A\/kBkJRwehYCi00eC6oDPcnPB\/d766\/google-mapy.png?fl=cro,0,0,3006,1430%7Cres,1280,,1%7Cjpg,80,,1 1280w, \/\/d62-a.sdn.cz\/d_62\/c_img_oZ_A\/kBkJRwehYCi00eC6oDPcnPB\/d766\/google-mapy.png?fl=cro,0,0,3006,1430%7Cres,2560,,1%7Cjpg,80,,1 2560w\" width=\"3006\" height=\"1430\" \/><\/div>\n<p><span class=\"b_bc\" data-dot=\"atm-media-item-image-caption\"><span class=\"b_ba\"><span class=\"b_bb\">Foto: Google<\/span><\/span><\/span><\/p>\n<\/div><figcaption class=\"d_ft\">\n<p class=\"b_a-\"><span class=\"d_fu\">Sn\u00edmek z\u00a0Google Maps ze z\u00e1\u0159\u00ed 2024\u00a0ukazuje p\u0159\u00edtomn\u00e9 dopravn\u00ed zna\u010den\u00ed. Vjezd a\u00a0parkov\u00e1n\u00ed je leg\u00e1ln\u011b umo\u017en\u011bno jen z\u00e1sobov\u00e1n\u00ed, pota\u017emo voz\u016fm IZS.<\/span><\/p>\n<\/figcaption><\/figure>\n<div class=\"d_hf js-ad d_bR\">\n<div class=\"mol-self-promo-advert-advert d_hd\">\n<div class=\"d_g8\">\n<div class=\"d_ha\">\n<h4 class=\"b_fW b_a7\"><\/h4>\n<\/div>\n<\/div>\n<\/div>\n<\/div>\n<div class=\"d_a- speakable\" data-dot=\"mol-paragraph\">\n<p class=\"b_a-\"><span class=\"atm-text-decorator\">T\u00edm se sice takov\u00fd \u0159idi\u010d vystavuje postihu od domluvy do 1\u00a0500\u00a0K\u010d na m\u00edst\u011b a\u00a0pokut\u011b 2\u00a0000\u00a0a\u017e 5\u00a0000\u00a0K\u010d ve spr\u00e1vn\u00edm \u0159\u00edzen\u00ed, nicm\u00e9n\u011b m\u011bsto nam\u00edsto d\u016fsledn\u011bj\u0161\u00edho vym\u00e1h\u00e1n\u00ed legislativy vymyslelo jinou v\u011bc. Na m\u00edsta vyhrazen\u00e1 pro z\u00e1sobov\u00e1n\u00ed byly um\u00edst\u011bny digit\u00e1ln\u00ed hodiny, kter\u00e9 po\u010d\u00edtaj\u00ed \u010das parkov\u00e1n\u00ed.<\/span><\/p>\n<\/div>\n<div class=\"d_a- speakable\" data-dot=\"mol-paragraph\">\n<p class=\"b_a-\"><span class=\"atm-text-decorator\">N\u00e1pad jist\u011b dobr\u00fd, ov\u0161em v\u00fdsledky u\u017e dobr\u00e9 nebyly. Nam\u00edsto toho, aby \u0159idi\u010di na m\u00edstech p\u0159estali neopr\u00e1vn\u011bn\u011b <a class=\"b_aH\" href=\"https:\/\/www.garaz.cz\/clanek\/servis-legislativa-jak-spravne-pouzivat-blinkry-pri-parkovani-spravny-postup-je-jen-jeden-spousta-ridicu-vsak-voli-nespravny-a-nebezpecny-21012085\" target=\"_blank\" rel=\"noopener\" data-dot=\"atm-link\">parkovat<\/a>, tak za\u010dali sb\u00edrat rekordy, kdo na m\u00edst\u011b stoj\u00ed d\u00e9le.<\/span><\/p>\n<\/div>\n<figure class=\"d_cp\" aria-label=\"Galerie A tady jsou ony digit\u00e1ln\u00ed hodiny po\u010d\u00edtaj\u00edc\u00ed \u010das st\u00e1n\u00ed.\" data-dot=\"mol-figure\" data-dot-data=\"{&quot;mediaItemType&quot;:&quot;foto&quot;}\">\n<div class=\"b_a9 d_cq\">\n<div class=\"b_bh\" tabindex=\"0\" role=\"button\"><img loading=\"lazy\" decoding=\"async\" class=\"b_C b_A\" src=\"https:\/\/d62-a.sdn.cz\/d_62\/c_img_oZ_A\/nsLxLojIIE33I79DPcnTg\/1081\/google-mapy.png?fl=cro,0,0,3012,1435%7Cres,1200,,1%7Cjpg,80,,1\" sizes=\"auto, (min-width: 851px) 700px, 100vw\" srcset=\"\/\/d62-a.sdn.cz\/d_62\/c_img_oZ_A\/nsLxLojIIE33I79DPcnTg\/1081\/google-mapy.png?fl=cro,0,0,3012,1435%7Cres,320,,1%7Cjpg,80,,1 320w, \/\/d62-a.sdn.cz\/d_62\/c_img_oZ_A\/nsLxLojIIE33I79DPcnTg\/1081\/google-mapy.png?fl=cro,0,0,3012,1435%7Cres,480,,1%7Cjpg,80,,1 480w, \/\/d62-a.sdn.cz\/d_62\/c_img_oZ_A\/nsLxLojIIE33I79DPcnTg\/1081\/google-mapy.png?fl=cro,0,0,3012,1435%7Cres,600,,1%7Cjpg,80,,1 600w, \/\/d62-a.sdn.cz\/d_62\/c_img_oZ_A\/nsLxLojIIE33I79DPcnTg\/1081\/google-mapy.png?fl=cro,0,0,3012,1435%7Cres,722,,1%7Cjpg,80,,1 722w, \/\/d62-a.sdn.cz\/d_62\/c_img_oZ_A\/nsLxLojIIE33I79DPcnTg\/1081\/google-mapy.png?fl=cro,0,0,3012,1435%7Cres,1024,,1%7Cjpg,80,,1 1024w, \/\/d62-a.sdn.cz\/d_62\/c_img_oZ_A\/nsLxLojIIE33I79DPcnTg\/1081\/google-mapy.png?fl=cro,0,0,3012,1435%7Cres,1280,,1%7Cjpg,80,,1 1280w, \/\/d62-a.sdn.cz\/d_62\/c_img_oZ_A\/nsLxLojIIE33I79DPcnTg\/1081\/google-mapy.png?fl=cro,0,0,3012,1435%7Cres,2560,,1%7Cjpg,80,,1 2560w\" width=\"3012\" height=\"1435\" \/><\/div>\n<p><span class=\"b_bc\" data-dot=\"atm-media-item-image-caption\"><span class=\"b_ba\"><span class=\"b_bb\">Foto: Google<\/span><\/span><\/span><\/p>\n<\/div><figcaption class=\"d_ft\">\n<p class=\"b_a-\"><span class=\"d_fu\">A tady jsou ony digit\u00e1ln\u00ed hodiny po\u010d\u00edtaj\u00edc\u00ed \u010das st\u00e1n\u00ed.<\/span><\/p>\n<\/figcaption><\/figure>\n<div class=\"d_a- speakable\" data-dot=\"mol-paragraph\">\n<p class=\"b_a-\"><span class=\"atm-text-decorator\">Ve videu pojmenovan\u00e9m \u201ePro\u010d Praha NEUM\u00cd \u0159e\u0161it tyhle p\u0159estupky?\u201c m\u016f\u017eeme vid\u011bt, \u017ee n\u011bkte\u0159\u00ed \u0159idi\u010di na m\u00edst\u011b stoj\u00ed p\u0159es 60\u00a0minut, jin\u00fd \u0159idi\u010d v\u00edce ne\u017e 113\u00a0minut, n\u011bkdo dokonce p\u0159es 200\u00a0minut a\u00a0rekordman to pr\u00fd dot\u00e1hl na 469\u00a0minut. Janek Rube\u0161 na videu nav\u00edc \u0159\u00edk\u00e1, \u017ee instalace t\u011bchto hodin a\u00a0napojen\u00ed do syst\u00e9mu obecn\u00ed policie \u00fadajn\u011b st\u00e1lo okolo 20\u00a0milion\u016f korun.<\/span><\/p>\n<\/div>\n<div class=\"d_a- speakable\" data-dot=\"mol-paragraph\">\n<p class=\"b_a-\"><span class=\"atm-text-decorator\">Dod\u00e1vky a\u00a0jin\u00e9 z\u00e1sobovac\u00ed vozy pochopiteln\u011b i\u00a0nad\u00e1le pou\u017e\u00edvaj\u00ed chodn\u00edky, kdy\u017e jinde st\u00e1t nemohou (blokovaly by <a class=\"b_aH\" href=\"https:\/\/www.garaz.cz\/clanek\/servis-legislativa-tramvaj-versus-chodec-asi-vsichni-vime-jak-to-je-s-prednosti-ale-jeden-zadrhel-tady-ceka-tak-pozor-21014704\" target=\"_blank\" rel=\"noopener\" data-dot=\"atm-link\">tramvaje<\/a>). A\u00a0to i\u00a0p\u0159es instalaci digit\u00e1ln\u00edch hl\u00edda\u010d\u016f \u010dasu.<\/span><\/p>\n<\/div>\n<\/div>\n<\/div>\n<\/article>\n<\/div>\n<\/div>\n<p>&nbsp;<\/p>\n<p>&nbsp;<\/p>\n","protected":false},"excerpt":{"rendered":"<p>zdroj: https:\/\/www.garaz.cz\/clanek\/servis-legislativa-praha-chtela-vyresit-problem-s-parkujicimi-dodavkami-na-chodnicich-digitalnimi-hodinami-dopadlo-to-jako-vzdycky-21014818 Praha cht\u011bla vy\u0159e\u0161it probl\u00e9m s\u00a0parkuj\u00edc\u00edmi dod\u00e1vkami na chodn\u00edc\u00edch digit\u00e1ln\u00edmi hodinami. Dopadlo to jako v\u017edycky Foto: Mapy.com V Praze ve Sp\u00e1len\u00e9 ulici p\u0159i\u0161li s geni\u00e1ln\u00edm \u0159e\u0161en\u00edm, jak zajistit to, aby dod\u00e1vky z\u00e1sobuj\u00edc\u00ed obchody neparkovaly na chodn\u00edc\u00edch. Do m\u00edst nainstalovali digit\u00e1ln\u00ed parkovac\u00ed hodiny a dopadlo to tak, jak si v\u0161ichni mysleli.<\/p>\n","protected":false},"author":1,"featured_media":0,"comment_status":"closed","ping_status":"open","sticky":false,"template":"","format":"standard","meta":{"_exactmetrics_skip_tracking":false,"_exactmetrics_sitenote_active":false,"_exactmetrics_sitenote_note":"","_exactmetrics_sitenote_category":0,"footnotes":""},"categories":[47,121],"tags":[],"class_list":["post-918","post","type-post","status-publish","format-standard","hentry","category-praha","category-ulice"],"_links":{"self":[{"href":"https:\/\/spdpraha.cz\/index.php?rest_route=\/wp\/v2\/posts\/918","targetHints":{"allow":["GET"]}}],"collection":[{"href":"https:\/\/spdpraha.cz\/index.php?rest_route=\/wp\/v2\/posts"}],"about":[{"href":"https:\/\/spdpraha.cz\/index.php?rest_route=\/wp\/v2\/types\/post"}],"author":[{"embeddable":true,"href":"https:\/\/spdpraha.cz\/index.php?rest_route=\/wp\/v2\/users\/1"}],"replies":[{"embeddable":true,"href":"https:\/\/spdpraha.cz\/index.php?rest_route=%2Fwp%2Fv2%2Fcomments&post=918"}],"version-history":[{"count":3,"href":"https:\/\/spdpraha.cz\/index.php?rest_route=\/wp\/v2\/posts\/918\/revisions"}],"predecessor-version":[{"id":928,"href":"https:\/\/spdpraha.cz\/index.php?rest_route=\/wp\/v2\/posts\/918\/revisions\/928"}],"wp:attachment":[{"href":"https:\/\/spdpraha.cz\/index.php?rest_route=%2Fwp%2Fv2%2Fmedia&parent=918"}],"wp:term":[{"taxonomy":"category","embeddable":true,"href":"https:\/\/spdpraha.cz\/index.php?rest_route=%2Fwp%2Fv2%2Fcategories&post=918"},{"taxonomy":"post_tag","embeddable":true,"href":"https:\/\/spdpraha.cz\/index.php?rest_route=%2Fwp%2Fv2%2Ftags&post=918"}],"curies":[{"name":"wp","href":"https:\/\/api.w.org\/{rel}","templated":true}]}}