{"id":933,"date":"2025-05-25T14:14:46","date_gmt":"2025-05-25T13:14:46","guid":{"rendered":"https:\/\/spdpraha.cz\/?p=933"},"modified":"2025-05-25T14:14:46","modified_gmt":"2025-05-25T13:14:46","slug":"doslo-mailem","status":"publish","type":"post","link":"https:\/\/spdpraha.cz\/?p=933","title":{"rendered":"Do\u0161lo mailem"},"content":{"rendered":"<p>Do\u0161lo mailem<br \/>\nAle\u0161 Svoboda: Jsem velice r\u00e1d, \u017ee se u n\u00e1s prezidentu Zelensk\u00e9mu l\u00edb\u00ed, no bodej\u0165 n\u00e9. Je jako doma. V\u0161ude vlaje \u017eluto-modr\u00e1, m\u00edsto \u010desk\u00e9 hymny se na hrad\u011b hr\u00e1la jen ukrajinsk\u00e1, poprv\u00e9 v historii se do modro-\u017elut\u00e9 obl\u00e9kl i chr\u00e1m Sv.V\u00edta\u2026 Ani nacistick\u00e1 svastika tam nikdy nebyla\u2026 Mnoz\u00ed si mysl\u00edte, \u017ee sem jel \u017eebrat. To ale nen\u00ed pravda. V \u010cR \u017eebrat nemus\u00ed, tady mu daj\u00ed v\u0161e o co si \u0159ekne.<br \/>\n<!--more--><\/p>\n<p>Tak\u017ee popo\u0159ad\u011b: Obrana sl\u00edbila v\u00fdcvik jejich voj\u00e1k\u016f, pilot\u016f. Cena asi 2 miliardy korun. Zdravotnictv\u00ed  sl\u00edbilo 2,5 miliardy na v\u00fdstavbu nemocnic a dal\u0161\u00edch 500 mili\u00f3n\u016f na l\u00e9\u010dbu UA veter\u00e1n\u016f a l\u00e9\u010dbu posttraumat\u016f, nav\u00edc l\u00e1zn\u011b a p\u0159ednostn\u00ed p\u00e9\u010di za dal\u0161\u00edch 1 miliardu. \u0160kolstv\u00ed sl\u00edbilo \u00falevy jak p\u0159i b\u011b\u017en\u00e9m vyu\u010dov\u00e1n\u00ed, tak p\u0159i p\u0159ij\u00edmac\u00edch zkou\u0161k\u00e1ch, \u010di zkou\u0161k\u00e1ch maturitn\u00edch pro \u017e\u00e1ky z UA, ob\u011bdy zdarma a dotace na UA asistenty za miliardu. Doprava sl\u00edbila obnovit silnice a d\u00e1lnice na UA a v pl\u00e1nu m\u00e1 ze sv\u00e9ho rozpo\u010dtu darovat UA 7 miliard korun na obnovu UA infrastruktury. Zahrani\u010d\u00ed se zasadilo o dal\u0161\u00ed sankce v\u016f\u010di Rusku a novinkou jsou dal\u0161\u00ed sankce proti st\u00e1t\u016fm kter\u00e9 ty sankce nepodepsaly. Jenom se tu v\u0161e zase zdra\u017e\u00ed, jinak nic\u2026 Ministr pr\u016fmyslu k\u00fdvnul na po\u017eadavek o obnov\u011b elektr\u00e1ren na UA. Dostavby Temel\u00edna mus\u00ed po\u010dkat\u2026 Dal\u0161\u00ed 4 miliardy. Ministr spravedlnosti sl\u00edbil ur\u010dit\u00e9 \u00fastupky v\u016f\u010di UA uprchl\u00edk\u016fm p\u00e1chaj\u00edc\u00edm trestn\u00e9 \u010diny na \u00fazem\u00ed \u010cR, proto\u017ee citace: \u201eTrp\u00ed traumaty a v\u00e1le\u010dn\u00fdm syndromem\u201c. Tud\u00ed\u017e za sv\u00e9 \u010diny ve v\u011bt\u0161in\u011b p\u0159\u00edpad\u016f nemohou\u2026 No a top je ministerstvo financ\u00ed, kter\u00e9 n\u011bkde na\u0161lo 20 miliard na dal\u0161\u00ed p\u016fj\u010dku Ukrajin\u011b\u2026<\/p>\n","protected":false},"excerpt":{"rendered":"<p>Do\u0161lo mailem Ale\u0161 Svoboda: Jsem velice r\u00e1d, \u017ee se u n\u00e1s prezidentu Zelensk\u00e9mu l\u00edb\u00ed, no bodej\u0165 n\u00e9. Je jako doma. V\u0161ude vlaje \u017eluto-modr\u00e1, m\u00edsto \u010desk\u00e9 hymny se na hrad\u011b hr\u00e1la jen ukrajinsk\u00e1, poprv\u00e9 v historii se do modro-\u017elut\u00e9 obl\u00e9kl i chr\u00e1m Sv.V\u00edta\u2026 Ani nacistick\u00e1 svastika tam nikdy nebyla\u2026 Mnoz\u00ed si mysl\u00edte, \u017ee sem jel \u017eebrat. To ale nen\u00ed pravda. V<\/p>\n","protected":false},"author":1,"featured_media":0,"comment_status":"closed","ping_status":"open","sticky":false,"template":"","format":"standard","meta":{"_exactmetrics_skip_tracking":false,"_exactmetrics_sitenote_active":false,"_exactmetrics_sitenote_note":"","_exactmetrics_sitenote_category":0,"footnotes":""},"categories":[1],"tags":[],"class_list":["post-933","post","type-post","status-publish","format-standard","hentry","category-ostatni"],"_links":{"self":[{"href":"https:\/\/spdpraha.cz\/index.php?rest_route=\/wp\/v2\/posts\/933","targetHints":{"allow":["GET"]}}],"collection":[{"href":"https:\/\/spdpraha.cz\/index.php?rest_route=\/wp\/v2\/posts"}],"about":[{"href":"https:\/\/spdpraha.cz\/index.php?rest_route=\/wp\/v2\/types\/post"}],"author":[{"embeddable":true,"href":"https:\/\/spdpraha.cz\/index.php?rest_route=\/wp\/v2\/users\/1"}],"replies":[{"embeddable":true,"href":"https:\/\/spdpraha.cz\/index.php?rest_route=%2Fwp%2Fv2%2Fcomments&post=933"}],"version-history":[{"count":1,"href":"https:\/\/spdpraha.cz\/index.php?rest_route=\/wp\/v2\/posts\/933\/revisions"}],"predecessor-version":[{"id":934,"href":"https:\/\/spdpraha.cz\/index.php?rest_route=\/wp\/v2\/posts\/933\/revisions\/934"}],"wp:attachment":[{"href":"https:\/\/spdpraha.cz\/index.php?rest_route=%2Fwp%2Fv2%2Fmedia&parent=933"}],"wp:term":[{"taxonomy":"category","embeddable":true,"href":"https:\/\/spdpraha.cz\/index.php?rest_route=%2Fwp%2Fv2%2Fcategories&post=933"},{"taxonomy":"post_tag","embeddable":true,"href":"https:\/\/spdpraha.cz\/index.php?rest_route=%2Fwp%2Fv2%2Ftags&post=933"}],"curies":[{"name":"wp","href":"https:\/\/api.w.org\/{rel}","templated":true}]}}